{"id":3575,"date":"2022-11-13T18:07:26","date_gmt":"2022-11-13T18:07:26","guid":{"rendered":"http:\/\/www.coralherrero.com\/?p=3575"},"modified":"2022-11-27T18:20:37","modified_gmt":"2022-11-27T18:20:37","slug":"100-anys-ntra-se","status":"publish","type":"post","link":"http:\/\/www.coralherrero.com\/?p=3575","title":{"rendered":"100 anys Ntra Senyora"},"content":{"rendered":"\t\t<div data-elementor-type=\"wp-post\" data-elementor-id=\"3575\" class=\"elementor elementor-3575\">\n\t\t\t\t\t\t\t\t\t<section class=\"elementor-section elementor-top-section elementor-element elementor-element-5a242470 elementor-section-boxed elementor-section-height-default elementor-section-height-default\" data-id=\"5a242470\" data-element_type=\"section\">\n\t\t\t\t\t\t<div class=\"elementor-container elementor-column-gap-default\">\n\t\t\t\t\t<div class=\"elementor-column elementor-col-100 elementor-top-column elementor-element elementor-element-1bd327c8\" data-id=\"1bd327c8\" data-element_type=\"column\">\n\t\t\t<div class=\"elementor-widget-wrap elementor-element-populated\">\n\t\t\t\t\t\t\t\t<div class=\"elementor-element elementor-element-35fca396 elementor-widget elementor-widget-text-editor\" data-id=\"35fca396\" data-element_type=\"widget\" data-widget_type=\"text-editor.default\">\n\t\t\t\t<div class=\"elementor-widget-container\">\n\t\t\t<style>\/*! elementor - v3.7.8 - 02-10-2022 *\/\n.elementor-widget-text-editor.elementor-drop-cap-view-stacked .elementor-drop-cap{background-color:#818a91;color:#fff}.elementor-widget-text-editor.elementor-drop-cap-view-framed .elementor-drop-cap{color:#818a91;border:3px solid;background-color:transparent}.elementor-widget-text-editor:not(.elementor-drop-cap-view-default) .elementor-drop-cap{margin-top:8px}.elementor-widget-text-editor:not(.elementor-drop-cap-view-default) .elementor-drop-cap-letter{width:1em;height:1em}.elementor-widget-text-editor .elementor-drop-cap{float:left;text-align:center;line-height:1;font-size:50px}.elementor-widget-text-editor .elementor-drop-cap-letter{display:inline-block}<\/style>\t\t\t\t<p>Hem tingut el plaer d&#8217; acompanyar amb les nostres veus i m\u00fasica a la CELEBRACI\u00d3 del CENTENARI de la SEUA PROCLAMACI\u00d3 com a PATRONA PRINCIPAL de la CIUTAT DE CASTELL\u00d3.<\/p>\n<p>Participants:<\/p>\n<ul>\n<li>Coral Juan Ram\u00f3n Herrero<\/li>\n<li>Coral Vicent Ripoll\u00e9s<\/li>\n<li>Grupo instrumental de cuerda<\/li>\n<\/ul>\n<p>Organista: Mar\u00eda Ramos Gragera<\/p>\n<p>Director: Manuel Torada Calonge<\/p>\t\t\t\t\t\t<\/div>\n\t\t\t\t<\/div>\n\t\t\t\t\t<\/div>\n\t\t<\/div>\n\t\t\t\t\t\t\t<\/div>\n\t\t<\/section>\n\t\t\t\t<section class=\"elementor-section elementor-top-section elementor-element elementor-element-a46fa1c elementor-section-boxed elementor-section-height-default elementor-section-height-default\" data-id=\"a46fa1c\" data-element_type=\"section\">\n\t\t\t\t\t\t<div class=\"elementor-container elementor-column-gap-default\">\n\t\t\t\t\t<div class=\"elementor-column elementor-col-16 elementor-top-column elementor-element elementor-element-6e62e0f\" data-id=\"6e62e0f\" data-element_type=\"column\">\n\t\t\t<div class=\"elementor-widget-wrap\">\n\t\t\t\t\t\t\t\t\t<\/div>\n\t\t<\/div>\n\t\t\t\t<div class=\"elementor-column elementor-col-66 elementor-top-column elementor-element elementor-element-13c2a4d\" data-id=\"13c2a4d\" data-element_type=\"column\">\n\t\t\t<div class=\"elementor-widget-wrap elementor-element-populated\">\n\t\t\t\t\t\t\t\t<div class=\"elementor-element elementor-element-4bf0621 elementor-widget elementor-widget-image-gallery\" data-id=\"4bf0621\" data-element_type=\"widget\" data-widget_type=\"image-gallery.default\">\n\t\t\t\t<div class=\"elementor-widget-container\">\n\t\t\t<style>\/*! elementor - v3.7.8 - 02-10-2022 *\/\n.elementor-image-gallery .gallery-item{display:inline-block;text-align:center;vertical-align:top;width:100%;max-width:100%;margin:0 auto}.elementor-image-gallery .gallery-item img{margin:0 auto}.elementor-image-gallery .gallery-item .gallery-caption{margin:0}.elementor-image-gallery figure img{display:block}.elementor-image-gallery figure figcaption{width:100%}.gallery-spacing-custom .elementor-image-gallery .gallery-icon{padding:0}@media (min-width:768px){.elementor-image-gallery .gallery-columns-2 .gallery-item{max-width:50%}.elementor-image-gallery .gallery-columns-3 .gallery-item{max-width:33.33%}.elementor-image-gallery .gallery-columns-4 .gallery-item{max-width:25%}.elementor-image-gallery .gallery-columns-5 .gallery-item{max-width:20%}.elementor-image-gallery .gallery-columns-6 .gallery-item{max-width:16.666%}.elementor-image-gallery .gallery-columns-7 .gallery-item{max-width:14.28%}.elementor-image-gallery .gallery-columns-8 .gallery-item{max-width:12.5%}.elementor-image-gallery .gallery-columns-9 .gallery-item{max-width:11.11%}.elementor-image-gallery .gallery-columns-10 .gallery-item{max-width:10%}}@media (min-width:480px) and (max-width:767px){.elementor-image-gallery .gallery.gallery-columns-2 .gallery-item,.elementor-image-gallery .gallery.gallery-columns-3 .gallery-item,.elementor-image-gallery .gallery.gallery-columns-4 .gallery-item,.elementor-image-gallery .gallery.gallery-columns-5 .gallery-item,.elementor-image-gallery .gallery.gallery-columns-6 .gallery-item,.elementor-image-gallery .gallery.gallery-columns-7 .gallery-item,.elementor-image-gallery .gallery.gallery-columns-8 .gallery-item,.elementor-image-gallery .gallery.gallery-columns-9 .gallery-item,.elementor-image-gallery .gallery.gallery-columns-10 .gallery-item{max-width:50%}}@media (max-width:479px){.elementor-image-gallery .gallery.gallery-columns-2 .gallery-item,.elementor-image-gallery .gallery.gallery-columns-3 .gallery-item,.elementor-image-gallery .gallery.gallery-columns-4 .gallery-item,.elementor-image-gallery .gallery.gallery-columns-5 .gallery-item,.elementor-image-gallery .gallery.gallery-columns-6 .gallery-item,.elementor-image-gallery .gallery.gallery-columns-7 .gallery-item,.elementor-image-gallery .gallery.gallery-columns-8 .gallery-item,.elementor-image-gallery .gallery.gallery-columns-9 .gallery-item,.elementor-image-gallery .gallery.gallery-columns-10 .gallery-item{max-width:100%}}<\/style>\t\t<div class=\"elementor-image-gallery\">\n\t\t\t\n\t\t<style type=\"text\/css\">\n\t\t\t#gallery-1 {\n\t\t\t\tmargin: auto;\n\t\t\t}\n\t\t\t#gallery-1 .gallery-item {\n\t\t\t\tfloat: left;\n\t\t\t\tmargin-top: 10px;\n\t\t\t\ttext-align: center;\n\t\t\t\twidth: 100%;\n\t\t\t}\n\t\t\t#gallery-1 img {\n\t\t\t\tborder: 2px solid #cfcfcf;\n\t\t\t}\n\t\t\t#gallery-1 .gallery-caption {\n\t\t\t\tmargin-left: 0;\n\t\t\t}\n\t\t\t\/* see gallery_shortcode() in wp-includes\/media.php *\/\n\t\t<\/style>\n\t\t<div id='gallery-1' class='gallery galleryid-3575 gallery-columns-1 gallery-size-malina-slider'><dl class='gallery-item'>\n\t\t\t<dt class='gallery-icon landscape'>\n\t\t\t\t<a data-elementor-open-lightbox=\"no\" href='http:\/\/www.coralherrero.com\/wp-content\/uploads\/2022\/11\/314417065_662382908768391_4836749788120360910_n.jpeg'><img loading=\"lazy\" decoding=\"async\" width=\"1170\" height=\"605\" src=\"http:\/\/www.coralherrero.com\/wp-content\/uploads\/2022\/11\/314417065_662382908768391_4836749788120360910_n-1170x605.jpeg\" class=\"attachment-malina-slider size-malina-slider\" alt=\"\" \/><\/a>\n\t\t\t<\/dt><\/dl><br style=\"clear: both\" \/><dl class='gallery-item'>\n\t\t\t<dt class='gallery-icon landscape'>\n\t\t\t\t<a data-elementor-open-lightbox=\"no\" href='http:\/\/www.coralherrero.com\/wp-content\/uploads\/2022\/11\/314178346_662383018768380_997443442105578083_n.jpeg'><img loading=\"lazy\" decoding=\"async\" width=\"1170\" height=\"605\" src=\"http:\/\/www.coralherrero.com\/wp-content\/uploads\/2022\/11\/314178346_662383018768380_997443442105578083_n-1170x605.jpeg\" class=\"attachment-malina-slider size-malina-slider\" alt=\"\" \/><\/a>\n\t\t\t<\/dt><\/dl><br style=\"clear: both\" \/><dl class='gallery-item'>\n\t\t\t<dt class='gallery-icon landscape'>\n\t\t\t\t<a data-elementor-open-lightbox=\"no\" href='http:\/\/www.coralherrero.com\/wp-content\/uploads\/2022\/11\/313438070_662383072101708_3191742888533374754_n.jpeg'><img loading=\"lazy\" decoding=\"async\" width=\"1170\" height=\"605\" src=\"http:\/\/www.coralherrero.com\/wp-content\/uploads\/2022\/11\/313438070_662383072101708_3191742888533374754_n-1170x605.jpeg\" class=\"attachment-malina-slider size-malina-slider\" alt=\"\" \/><\/a>\n\t\t\t<\/dt><\/dl><br style=\"clear: both\" \/>\n\t\t<\/div>\n\t\t<\/div>\n\t\t\t\t<\/div>\n\t\t\t\t<\/div>\n\t\t\t\t\t<\/div>\n\t\t<\/div>\n\t\t\t\t<div class=\"elementor-column elementor-col-16 elementor-top-column elementor-element elementor-element-664adeb\" data-id=\"664adeb\" data-element_type=\"column\">\n\t\t\t<div class=\"elementor-widget-wrap\">\n\t\t\t\t\t\t\t\t\t<\/div>\n\t\t<\/div>\n\t\t\t\t\t\t\t<\/div>\n\t\t<\/section>\n\t\t\t\t\t\t\t<\/div>\n\t\t","protected":false},"excerpt":{"rendered":"<p>Hem tingut el plaer d&#8217; acompanyar amb les nostres veus i m\u00fasica a la CELEBRACI\u00d3 del CENTENARI de la SEUA PROCLAMACI\u00d3 com a PATRONA PRINCIPAL de la CIUTAT DE CASTELL\u00d3. Participants: Coral Juan Ram\u00f3n Herrero Coral Vicent Ripoll\u00e9s Grupo instrumental de cuerda Organista: Mar\u00eda Ramos Gragera Director: Manuel Torada Calonge<\/p>\n","protected":false},"author":1,"featured_media":3576,"comment_status":"closed","ping_status":"open","sticky":false,"template":"","format":"standard","meta":{"footnotes":""},"categories":[23,36,28],"tags":[],"yoast_head":"<!-- This site is optimized with the Yoast SEO plugin v19.9 - https:\/\/yoast.com\/wordpress\/plugins\/seo\/ -->\n<title>100 anys Ntra Senyora - Coral Juan Ram\u00f3n Herrero<\/title>\n<meta name=\"robots\" content=\"index, follow, max-snippet:-1, max-image-preview:large, max-video-preview:-1\" \/>\n<link rel=\"canonical\" href=\"http:\/\/www.coralherrero.com\/?p=3575\" \/>\n<meta property=\"og:locale\" content=\"es_ES\" \/>\n<meta property=\"og:type\" content=\"article\" \/>\n<meta property=\"og:title\" content=\"100 anys Ntra Senyora - Coral Juan Ram\u00f3n Herrero\" \/>\n<meta property=\"og:description\" content=\"Hem tingut el plaer d&#8217; acompanyar amb les nostres veus i m\u00fasica a la CELEBRACI\u00d3 del CENTENARI de la SEUA PROCLAMACI\u00d3 com a PATRONA PRINCIPAL de la CIUTAT DE CASTELL\u00d3. Participants: Coral Juan Ram\u00f3n Herrero Coral Vicent Ripoll\u00e9s Grupo instrumental de cuerda Organista: Mar\u00eda Ramos Gragera Director: Manuel Torada Calonge\" \/>\n<meta property=\"og:url\" content=\"http:\/\/www.coralherrero.com\/?p=3575\" \/>\n<meta property=\"og:site_name\" content=\"Coral Juan Ram\u00f3n Herrero\" \/>\n<meta property=\"article:publisher\" content=\"https:\/\/www.facebook.com\/CoralJuanRamonHerrero\" \/>\n<meta property=\"article:published_time\" content=\"2022-11-13T18:07:26+00:00\" \/>\n<meta property=\"article:modified_time\" content=\"2022-11-27T18:20:37+00:00\" \/>\n<meta property=\"og:image\" content=\"http:\/\/www.coralherrero.com\/wp-content\/uploads\/2022\/11\/FfOSxYgXoAc-VoK.jpeg\" \/>\n\t<meta property=\"og:image:width\" content=\"1080\" \/>\n\t<meta property=\"og:image:height\" content=\"991\" \/>\n\t<meta property=\"og:image:type\" content=\"image\/jpeg\" \/>\n<meta name=\"author\" content=\"Administrator\" \/>\n<meta name=\"twitter:card\" content=\"summary_large_image\" \/>\n<meta name=\"twitter:label1\" content=\"Escrito por\" \/>\n\t<meta name=\"twitter:data1\" content=\"Administrator\" \/>\n\t<meta name=\"twitter:label2\" content=\"Tiempo de lectura\" \/>\n\t<meta name=\"twitter:data2\" content=\"2 minutos\" \/>\n<script type=\"application\/ld+json\" class=\"yoast-schema-graph\">{\"@context\":\"https:\/\/schema.org\",\"@graph\":[{\"@type\":\"Article\",\"@id\":\"http:\/\/www.coralherrero.com\/?p=3575#article\",\"isPartOf\":{\"@id\":\"http:\/\/www.coralherrero.com\/?p=3575\"},\"author\":{\"name\":\"Administrator\",\"@id\":\"http:\/\/www.coralherrero.com\/#\/schema\/person\/199bb23196b57b98dac557735efc46d5\"},\"headline\":\"100 anys Ntra Senyora\",\"datePublished\":\"2022-11-13T18:07:26+00:00\",\"dateModified\":\"2022-11-27T18:20:37+00:00\",\"mainEntityOfPage\":{\"@id\":\"http:\/\/www.coralherrero.com\/?p=3575\"},\"wordCount\":57,\"publisher\":{\"@id\":\"http:\/\/www.coralherrero.com\/#organization\"},\"articleSection\":[\"Conciertos\",\"Im\u00e1genes\",\"Noticias\"],\"inLanguage\":\"es\"},{\"@type\":\"WebPage\",\"@id\":\"http:\/\/www.coralherrero.com\/?p=3575\",\"url\":\"http:\/\/www.coralherrero.com\/?p=3575\",\"name\":\"100 anys Ntra Senyora - Coral Juan Ram\u00f3n Herrero\",\"isPartOf\":{\"@id\":\"http:\/\/www.coralherrero.com\/#website\"},\"datePublished\":\"2022-11-13T18:07:26+00:00\",\"dateModified\":\"2022-11-27T18:20:37+00:00\",\"breadcrumb\":{\"@id\":\"http:\/\/www.coralherrero.com\/?p=3575#breadcrumb\"},\"inLanguage\":\"es\",\"potentialAction\":[{\"@type\":\"ReadAction\",\"target\":[\"http:\/\/www.coralherrero.com\/?p=3575\"]}]},{\"@type\":\"BreadcrumbList\",\"@id\":\"http:\/\/www.coralherrero.com\/?p=3575#breadcrumb\",\"itemListElement\":[{\"@type\":\"ListItem\",\"position\":1,\"name\":\"Portada\",\"item\":\"http:\/\/www.coralherrero.com\/\"},{\"@type\":\"ListItem\",\"position\":2,\"name\":\"100 anys Ntra Senyora\"}]},{\"@type\":\"WebSite\",\"@id\":\"http:\/\/www.coralherrero.com\/#website\",\"url\":\"http:\/\/www.coralherrero.com\/\",\"name\":\"Coral Juan Ram\u00f3n Herrero\",\"description\":\"\",\"publisher\":{\"@id\":\"http:\/\/www.coralherrero.com\/#organization\"},\"potentialAction\":[{\"@type\":\"SearchAction\",\"target\":{\"@type\":\"EntryPoint\",\"urlTemplate\":\"http:\/\/www.coralherrero.com\/?s={search_term_string}\"},\"query-input\":\"required name=search_term_string\"}],\"inLanguage\":\"es\"},{\"@type\":\"Organization\",\"@id\":\"http:\/\/www.coralherrero.com\/#organization\",\"name\":\"Coral Juan Ram\u00f3n Herrero\",\"url\":\"http:\/\/www.coralherrero.com\/\",\"logo\":{\"@type\":\"ImageObject\",\"inLanguage\":\"es\",\"@id\":\"http:\/\/www.coralherrero.com\/#\/schema\/logo\/image\/\",\"url\":\"http:\/\/www.coralherrero.com\/wp-content\/uploads\/2022\/09\/logo200x2001.jpg\",\"contentUrl\":\"http:\/\/www.coralherrero.com\/wp-content\/uploads\/2022\/09\/logo200x2001.jpg\",\"width\":200,\"height\":200,\"caption\":\"Coral Juan Ram\u00f3n Herrero\"},\"image\":{\"@id\":\"http:\/\/www.coralherrero.com\/#\/schema\/logo\/image\/\"},\"sameAs\":[\"https:\/\/www.instagram.com\/coral.jrh\/\",\"https:\/\/www.facebook.com\/CoralJuanRamonHerrero\"]},{\"@type\":\"Person\",\"@id\":\"http:\/\/www.coralherrero.com\/#\/schema\/person\/199bb23196b57b98dac557735efc46d5\",\"name\":\"Administrator\",\"image\":{\"@type\":\"ImageObject\",\"inLanguage\":\"es\",\"@id\":\"http:\/\/www.coralherrero.com\/#\/schema\/person\/image\/\",\"url\":\"http:\/\/1.gravatar.com\/avatar\/a7d87b3874e6fa6c5ce0a8080cce4881?s=96&d=mm&r=g\",\"contentUrl\":\"http:\/\/1.gravatar.com\/avatar\/a7d87b3874e6fa6c5ce0a8080cce4881?s=96&d=mm&r=g\",\"caption\":\"Administrator\"},\"sameAs\":[\"http:\/\/www.coralherrero.com\"],\"url\":\"http:\/\/www.coralherrero.com\/?author=1\"}]}<\/script>\n<!-- \/ Yoast SEO plugin. -->","yoast_head_json":{"title":"100 anys Ntra Senyora - Coral Juan Ram\u00f3n Herrero","robots":{"index":"index","follow":"follow","max-snippet":"max-snippet:-1","max-image-preview":"max-image-preview:large","max-video-preview":"max-video-preview:-1"},"canonical":"http:\/\/www.coralherrero.com\/?p=3575","og_locale":"es_ES","og_type":"article","og_title":"100 anys Ntra Senyora - Coral Juan Ram\u00f3n Herrero","og_description":"Hem tingut el plaer d&#8217; acompanyar amb les nostres veus i m\u00fasica a la CELEBRACI\u00d3 del CENTENARI de la SEUA PROCLAMACI\u00d3 com a PATRONA PRINCIPAL de la CIUTAT DE CASTELL\u00d3. Participants: Coral Juan Ram\u00f3n Herrero Coral Vicent Ripoll\u00e9s Grupo instrumental de cuerda Organista: Mar\u00eda Ramos Gragera Director: Manuel Torada Calonge","og_url":"http:\/\/www.coralherrero.com\/?p=3575","og_site_name":"Coral Juan Ram\u00f3n Herrero","article_publisher":"https:\/\/www.facebook.com\/CoralJuanRamonHerrero","article_published_time":"2022-11-13T18:07:26+00:00","article_modified_time":"2022-11-27T18:20:37+00:00","og_image":[{"width":1080,"height":991,"url":"http:\/\/www.coralherrero.com\/wp-content\/uploads\/2022\/11\/FfOSxYgXoAc-VoK.jpeg","type":"image\/jpeg"}],"author":"Administrator","twitter_card":"summary_large_image","twitter_misc":{"Escrito por":"Administrator","Tiempo de lectura":"2 minutos"},"schema":{"@context":"https:\/\/schema.org","@graph":[{"@type":"Article","@id":"http:\/\/www.coralherrero.com\/?p=3575#article","isPartOf":{"@id":"http:\/\/www.coralherrero.com\/?p=3575"},"author":{"name":"Administrator","@id":"http:\/\/www.coralherrero.com\/#\/schema\/person\/199bb23196b57b98dac557735efc46d5"},"headline":"100 anys Ntra Senyora","datePublished":"2022-11-13T18:07:26+00:00","dateModified":"2022-11-27T18:20:37+00:00","mainEntityOfPage":{"@id":"http:\/\/www.coralherrero.com\/?p=3575"},"wordCount":57,"publisher":{"@id":"http:\/\/www.coralherrero.com\/#organization"},"articleSection":["Conciertos","Im\u00e1genes","Noticias"],"inLanguage":"es"},{"@type":"WebPage","@id":"http:\/\/www.coralherrero.com\/?p=3575","url":"http:\/\/www.coralherrero.com\/?p=3575","name":"100 anys Ntra Senyora - Coral Juan Ram\u00f3n Herrero","isPartOf":{"@id":"http:\/\/www.coralherrero.com\/#website"},"datePublished":"2022-11-13T18:07:26+00:00","dateModified":"2022-11-27T18:20:37+00:00","breadcrumb":{"@id":"http:\/\/www.coralherrero.com\/?p=3575#breadcrumb"},"inLanguage":"es","potentialAction":[{"@type":"ReadAction","target":["http:\/\/www.coralherrero.com\/?p=3575"]}]},{"@type":"BreadcrumbList","@id":"http:\/\/www.coralherrero.com\/?p=3575#breadcrumb","itemListElement":[{"@type":"ListItem","position":1,"name":"Portada","item":"http:\/\/www.coralherrero.com\/"},{"@type":"ListItem","position":2,"name":"100 anys Ntra Senyora"}]},{"@type":"WebSite","@id":"http:\/\/www.coralherrero.com\/#website","url":"http:\/\/www.coralherrero.com\/","name":"Coral Juan Ram\u00f3n Herrero","description":"","publisher":{"@id":"http:\/\/www.coralherrero.com\/#organization"},"potentialAction":[{"@type":"SearchAction","target":{"@type":"EntryPoint","urlTemplate":"http:\/\/www.coralherrero.com\/?s={search_term_string}"},"query-input":"required name=search_term_string"}],"inLanguage":"es"},{"@type":"Organization","@id":"http:\/\/www.coralherrero.com\/#organization","name":"Coral Juan Ram\u00f3n Herrero","url":"http:\/\/www.coralherrero.com\/","logo":{"@type":"ImageObject","inLanguage":"es","@id":"http:\/\/www.coralherrero.com\/#\/schema\/logo\/image\/","url":"http:\/\/www.coralherrero.com\/wp-content\/uploads\/2022\/09\/logo200x2001.jpg","contentUrl":"http:\/\/www.coralherrero.com\/wp-content\/uploads\/2022\/09\/logo200x2001.jpg","width":200,"height":200,"caption":"Coral Juan Ram\u00f3n Herrero"},"image":{"@id":"http:\/\/www.coralherrero.com\/#\/schema\/logo\/image\/"},"sameAs":["https:\/\/www.instagram.com\/coral.jrh\/","https:\/\/www.facebook.com\/CoralJuanRamonHerrero"]},{"@type":"Person","@id":"http:\/\/www.coralherrero.com\/#\/schema\/person\/199bb23196b57b98dac557735efc46d5","name":"Administrator","image":{"@type":"ImageObject","inLanguage":"es","@id":"http:\/\/www.coralherrero.com\/#\/schema\/person\/image\/","url":"http:\/\/1.gravatar.com\/avatar\/a7d87b3874e6fa6c5ce0a8080cce4881?s=96&d=mm&r=g","contentUrl":"http:\/\/1.gravatar.com\/avatar\/a7d87b3874e6fa6c5ce0a8080cce4881?s=96&d=mm&r=g","caption":"Administrator"},"sameAs":["http:\/\/www.coralherrero.com"],"url":"http:\/\/www.coralherrero.com\/?author=1"}]}},"_links":{"self":[{"href":"http:\/\/www.coralherrero.com\/index.php?rest_route=\/wp\/v2\/posts\/3575"}],"collection":[{"href":"http:\/\/www.coralherrero.com\/index.php?rest_route=\/wp\/v2\/posts"}],"about":[{"href":"http:\/\/www.coralherrero.com\/index.php?rest_route=\/wp\/v2\/types\/post"}],"author":[{"embeddable":true,"href":"http:\/\/www.coralherrero.com\/index.php?rest_route=\/wp\/v2\/users\/1"}],"replies":[{"embeddable":true,"href":"http:\/\/www.coralherrero.com\/index.php?rest_route=%2Fwp%2Fv2%2Fcomments&post=3575"}],"version-history":[{"count":6,"href":"http:\/\/www.coralherrero.com\/index.php?rest_route=\/wp\/v2\/posts\/3575\/revisions"}],"predecessor-version":[{"id":3586,"href":"http:\/\/www.coralherrero.com\/index.php?rest_route=\/wp\/v2\/posts\/3575\/revisions\/3586"}],"wp:featuredmedia":[{"embeddable":true,"href":"http:\/\/www.coralherrero.com\/index.php?rest_route=\/wp\/v2\/media\/3576"}],"wp:attachment":[{"href":"http:\/\/www.coralherrero.com\/index.php?rest_route=%2Fwp%2Fv2%2Fmedia&parent=3575"}],"wp:term":[{"taxonomy":"category","embeddable":true,"href":"http:\/\/www.coralherrero.com\/index.php?rest_route=%2Fwp%2Fv2%2Fcategories&post=3575"},{"taxonomy":"post_tag","embeddable":true,"href":"http:\/\/www.coralherrero.com\/index.php?rest_route=%2Fwp%2Fv2%2Ftags&post=3575"}],"curies":[{"name":"wp","href":"https:\/\/api.w.org\/{rel}","templated":true}]}}