{"id":3545,"date":"2015-04-28T12:40:00","date_gmt":"2015-04-28T12:40:00","guid":{"rendered":"http:\/\/www.coralherrero.com\/?p=3545"},"modified":"2022-11-01T12:41:34","modified_gmt":"2022-11-01T12:41:34","slug":"xxi-semana-de-la-gente-mayor","status":"publish","type":"post","link":"http:\/\/www.coralherrero.com\/?p=3545","title":{"rendered":"XXI Semana de la Gente Mayor"},"content":{"rendered":"\n<div class=\"wp-block-columns is-layout-flex wp-container-core-columns-is-layout-1 wp-block-columns-is-layout-flex\">\n<div class=\"wp-block-column is-layout-flow wp-block-column-is-layout-flow\" style=\"flex-basis:33.33%\">\n<figure class=\"wp-block-image size-full\"><img loading=\"lazy\" decoding=\"async\" width=\"400\" height=\"561\" src=\"http:\/\/www.coralherrero.com\/wp-content\/uploads\/2022\/11\/xxi-semana-gente-mayor.png\" alt=\"\" class=\"wp-image-3547\"\/><\/figure>\n<\/div>\n\n\n\n<div class=\"wp-block-column is-layout-flow wp-block-column-is-layout-flow\" style=\"flex-basis:66.66%\">\n<p>El d\u00eda 28 de abril tuvimos la oportunidad de particiar en la XXI Semana de la Gente Mayor. La asociaci\u00f3n \u00abVida Creixent\u00bb nos invit\u00f3 a cantar en la iglesia Santa Mar\u00eda en la misa celebrada con motivo de las bodas de oro.<\/p>\n\n\n\n<p>Desde la Coral Juan Ram\u00f3n Herrero queremos dar gracias a la organizaci\u00f3n por contar con nosotros y esperamos poder repetir la experiencia much\u00edsimos a\u00f1os m\u00e1s.<\/p>\n<\/div>\n<\/div>\n","protected":false},"excerpt":{"rendered":"<p>El d\u00eda 28 de abril tuvimos la oportunidad de particiar en la XXI Semana de la Gente Mayor. La asociaci\u00f3n \u00abVida Creixent\u00bb nos invit\u00f3 a cantar en la iglesia Santa Mar\u00eda en la misa celebrada con motivo de las bodas de oro. Desde la Coral Juan Ram\u00f3n Herrero queremos dar gracias a la organizaci\u00f3n por<\/p>\n","protected":false},"author":1,"featured_media":3546,"comment_status":"closed","ping_status":"open","sticky":false,"template":"","format":"standard","meta":{"footnotes":""},"categories":[34,28],"tags":[],"yoast_head":"<!-- This site is optimized with the Yoast SEO plugin v19.9 - https:\/\/yoast.com\/wordpress\/plugins\/seo\/ -->\n<title>XXI Semana de la Gente Mayor - Coral Juan Ram\u00f3n Herrero<\/title>\n<meta name=\"robots\" content=\"index, follow, max-snippet:-1, max-image-preview:large, max-video-preview:-1\" \/>\n<link rel=\"canonical\" href=\"http:\/\/www.coralherrero.com\/?p=3545\" \/>\n<meta property=\"og:locale\" content=\"es_ES\" \/>\n<meta property=\"og:type\" content=\"article\" \/>\n<meta property=\"og:title\" content=\"XXI Semana de la Gente Mayor - Coral Juan Ram\u00f3n Herrero\" \/>\n<meta property=\"og:description\" content=\"El d\u00eda 28 de abril tuvimos la oportunidad de particiar en la XXI Semana de la Gente Mayor. La asociaci\u00f3n \u00abVida Creixent\u00bb nos invit\u00f3 a cantar en la iglesia Santa Mar\u00eda en la misa celebrada con motivo de las bodas de oro. Desde la Coral Juan Ram\u00f3n Herrero queremos dar gracias a la organizaci\u00f3n por\" \/>\n<meta property=\"og:url\" content=\"http:\/\/www.coralherrero.com\/?p=3545\" \/>\n<meta property=\"og:site_name\" content=\"Coral Juan Ram\u00f3n Herrero\" \/>\n<meta property=\"article:publisher\" content=\"https:\/\/www.facebook.com\/CoralJuanRamonHerrero\" \/>\n<meta property=\"article:published_time\" content=\"2015-04-28T12:40:00+00:00\" \/>\n<meta property=\"article:modified_time\" content=\"2022-11-01T12:41:34+00:00\" \/>\n<meta property=\"og:image\" content=\"http:\/\/www.coralherrero.com\/wp-content\/uploads\/2022\/11\/semana-gente-mayor.jpeg\" \/>\n\t<meta property=\"og:image:width\" content=\"2048\" \/>\n\t<meta property=\"og:image:height\" content=\"1536\" \/>\n\t<meta property=\"og:image:type\" content=\"image\/jpeg\" \/>\n<meta name=\"author\" content=\"Administrator\" \/>\n<meta name=\"twitter:card\" content=\"summary_large_image\" \/>\n<meta name=\"twitter:label1\" content=\"Escrito por\" \/>\n\t<meta name=\"twitter:data1\" content=\"Administrator\" \/>\n\t<meta name=\"twitter:label2\" content=\"Tiempo de lectura\" \/>\n\t<meta name=\"twitter:data2\" content=\"1 minuto\" \/>\n<script type=\"application\/ld+json\" class=\"yoast-schema-graph\">{\"@context\":\"https:\/\/schema.org\",\"@graph\":[{\"@type\":\"Article\",\"@id\":\"http:\/\/www.coralherrero.com\/?p=3545#article\",\"isPartOf\":{\"@id\":\"http:\/\/www.coralherrero.com\/?p=3545\"},\"author\":{\"name\":\"Administrator\",\"@id\":\"http:\/\/www.coralherrero.com\/#\/schema\/person\/199bb23196b57b98dac557735efc46d5\"},\"headline\":\"XXI Semana de la Gente Mayor\",\"datePublished\":\"2015-04-28T12:40:00+00:00\",\"dateModified\":\"2022-11-01T12:41:34+00:00\",\"mainEntityOfPage\":{\"@id\":\"http:\/\/www.coralherrero.com\/?p=3545\"},\"wordCount\":80,\"publisher\":{\"@id\":\"http:\/\/www.coralherrero.com\/#organization\"},\"articleSection\":[\"Colaboraciones\",\"Noticias\"],\"inLanguage\":\"es\"},{\"@type\":\"WebPage\",\"@id\":\"http:\/\/www.coralherrero.com\/?p=3545\",\"url\":\"http:\/\/www.coralherrero.com\/?p=3545\",\"name\":\"XXI Semana de la Gente Mayor - Coral Juan Ram\u00f3n Herrero\",\"isPartOf\":{\"@id\":\"http:\/\/www.coralherrero.com\/#website\"},\"datePublished\":\"2015-04-28T12:40:00+00:00\",\"dateModified\":\"2022-11-01T12:41:34+00:00\",\"breadcrumb\":{\"@id\":\"http:\/\/www.coralherrero.com\/?p=3545#breadcrumb\"},\"inLanguage\":\"es\",\"potentialAction\":[{\"@type\":\"ReadAction\",\"target\":[\"http:\/\/www.coralherrero.com\/?p=3545\"]}]},{\"@type\":\"BreadcrumbList\",\"@id\":\"http:\/\/www.coralherrero.com\/?p=3545#breadcrumb\",\"itemListElement\":[{\"@type\":\"ListItem\",\"position\":1,\"name\":\"Portada\",\"item\":\"http:\/\/www.coralherrero.com\/\"},{\"@type\":\"ListItem\",\"position\":2,\"name\":\"XXI Semana de la Gente Mayor\"}]},{\"@type\":\"WebSite\",\"@id\":\"http:\/\/www.coralherrero.com\/#website\",\"url\":\"http:\/\/www.coralherrero.com\/\",\"name\":\"Coral Juan Ram\u00f3n Herrero\",\"description\":\"\",\"publisher\":{\"@id\":\"http:\/\/www.coralherrero.com\/#organization\"},\"potentialAction\":[{\"@type\":\"SearchAction\",\"target\":{\"@type\":\"EntryPoint\",\"urlTemplate\":\"http:\/\/www.coralherrero.com\/?s={search_term_string}\"},\"query-input\":\"required name=search_term_string\"}],\"inLanguage\":\"es\"},{\"@type\":\"Organization\",\"@id\":\"http:\/\/www.coralherrero.com\/#organization\",\"name\":\"Coral Juan Ram\u00f3n Herrero\",\"url\":\"http:\/\/www.coralherrero.com\/\",\"logo\":{\"@type\":\"ImageObject\",\"inLanguage\":\"es\",\"@id\":\"http:\/\/www.coralherrero.com\/#\/schema\/logo\/image\/\",\"url\":\"http:\/\/www.coralherrero.com\/wp-content\/uploads\/2022\/09\/logo200x2001.jpg\",\"contentUrl\":\"http:\/\/www.coralherrero.com\/wp-content\/uploads\/2022\/09\/logo200x2001.jpg\",\"width\":200,\"height\":200,\"caption\":\"Coral Juan Ram\u00f3n Herrero\"},\"image\":{\"@id\":\"http:\/\/www.coralherrero.com\/#\/schema\/logo\/image\/\"},\"sameAs\":[\"https:\/\/www.instagram.com\/coral.jrh\/\",\"https:\/\/www.facebook.com\/CoralJuanRamonHerrero\"]},{\"@type\":\"Person\",\"@id\":\"http:\/\/www.coralherrero.com\/#\/schema\/person\/199bb23196b57b98dac557735efc46d5\",\"name\":\"Administrator\",\"image\":{\"@type\":\"ImageObject\",\"inLanguage\":\"es\",\"@id\":\"http:\/\/www.coralherrero.com\/#\/schema\/person\/image\/\",\"url\":\"http:\/\/1.gravatar.com\/avatar\/a7d87b3874e6fa6c5ce0a8080cce4881?s=96&d=mm&r=g\",\"contentUrl\":\"http:\/\/1.gravatar.com\/avatar\/a7d87b3874e6fa6c5ce0a8080cce4881?s=96&d=mm&r=g\",\"caption\":\"Administrator\"},\"sameAs\":[\"http:\/\/www.coralherrero.com\"],\"url\":\"http:\/\/www.coralherrero.com\/?author=1\"}]}<\/script>\n<!-- \/ Yoast SEO plugin. -->","yoast_head_json":{"title":"XXI Semana de la Gente Mayor - Coral Juan Ram\u00f3n Herrero","robots":{"index":"index","follow":"follow","max-snippet":"max-snippet:-1","max-image-preview":"max-image-preview:large","max-video-preview":"max-video-preview:-1"},"canonical":"http:\/\/www.coralherrero.com\/?p=3545","og_locale":"es_ES","og_type":"article","og_title":"XXI Semana de la Gente Mayor - Coral Juan Ram\u00f3n Herrero","og_description":"El d\u00eda 28 de abril tuvimos la oportunidad de particiar en la XXI Semana de la Gente Mayor. La asociaci\u00f3n \u00abVida Creixent\u00bb nos invit\u00f3 a cantar en la iglesia Santa Mar\u00eda en la misa celebrada con motivo de las bodas de oro. Desde la Coral Juan Ram\u00f3n Herrero queremos dar gracias a la organizaci\u00f3n por","og_url":"http:\/\/www.coralherrero.com\/?p=3545","og_site_name":"Coral Juan Ram\u00f3n Herrero","article_publisher":"https:\/\/www.facebook.com\/CoralJuanRamonHerrero","article_published_time":"2015-04-28T12:40:00+00:00","article_modified_time":"2022-11-01T12:41:34+00:00","og_image":[{"width":2048,"height":1536,"url":"http:\/\/www.coralherrero.com\/wp-content\/uploads\/2022\/11\/semana-gente-mayor.jpeg","type":"image\/jpeg"}],"author":"Administrator","twitter_card":"summary_large_image","twitter_misc":{"Escrito por":"Administrator","Tiempo de lectura":"1 minuto"},"schema":{"@context":"https:\/\/schema.org","@graph":[{"@type":"Article","@id":"http:\/\/www.coralherrero.com\/?p=3545#article","isPartOf":{"@id":"http:\/\/www.coralherrero.com\/?p=3545"},"author":{"name":"Administrator","@id":"http:\/\/www.coralherrero.com\/#\/schema\/person\/199bb23196b57b98dac557735efc46d5"},"headline":"XXI Semana de la Gente Mayor","datePublished":"2015-04-28T12:40:00+00:00","dateModified":"2022-11-01T12:41:34+00:00","mainEntityOfPage":{"@id":"http:\/\/www.coralherrero.com\/?p=3545"},"wordCount":80,"publisher":{"@id":"http:\/\/www.coralherrero.com\/#organization"},"articleSection":["Colaboraciones","Noticias"],"inLanguage":"es"},{"@type":"WebPage","@id":"http:\/\/www.coralherrero.com\/?p=3545","url":"http:\/\/www.coralherrero.com\/?p=3545","name":"XXI Semana de la Gente Mayor - Coral Juan Ram\u00f3n Herrero","isPartOf":{"@id":"http:\/\/www.coralherrero.com\/#website"},"datePublished":"2015-04-28T12:40:00+00:00","dateModified":"2022-11-01T12:41:34+00:00","breadcrumb":{"@id":"http:\/\/www.coralherrero.com\/?p=3545#breadcrumb"},"inLanguage":"es","potentialAction":[{"@type":"ReadAction","target":["http:\/\/www.coralherrero.com\/?p=3545"]}]},{"@type":"BreadcrumbList","@id":"http:\/\/www.coralherrero.com\/?p=3545#breadcrumb","itemListElement":[{"@type":"ListItem","position":1,"name":"Portada","item":"http:\/\/www.coralherrero.com\/"},{"@type":"ListItem","position":2,"name":"XXI Semana de la Gente Mayor"}]},{"@type":"WebSite","@id":"http:\/\/www.coralherrero.com\/#website","url":"http:\/\/www.coralherrero.com\/","name":"Coral Juan Ram\u00f3n Herrero","description":"","publisher":{"@id":"http:\/\/www.coralherrero.com\/#organization"},"potentialAction":[{"@type":"SearchAction","target":{"@type":"EntryPoint","urlTemplate":"http:\/\/www.coralherrero.com\/?s={search_term_string}"},"query-input":"required name=search_term_string"}],"inLanguage":"es"},{"@type":"Organization","@id":"http:\/\/www.coralherrero.com\/#organization","name":"Coral Juan Ram\u00f3n Herrero","url":"http:\/\/www.coralherrero.com\/","logo":{"@type":"ImageObject","inLanguage":"es","@id":"http:\/\/www.coralherrero.com\/#\/schema\/logo\/image\/","url":"http:\/\/www.coralherrero.com\/wp-content\/uploads\/2022\/09\/logo200x2001.jpg","contentUrl":"http:\/\/www.coralherrero.com\/wp-content\/uploads\/2022\/09\/logo200x2001.jpg","width":200,"height":200,"caption":"Coral Juan Ram\u00f3n Herrero"},"image":{"@id":"http:\/\/www.coralherrero.com\/#\/schema\/logo\/image\/"},"sameAs":["https:\/\/www.instagram.com\/coral.jrh\/","https:\/\/www.facebook.com\/CoralJuanRamonHerrero"]},{"@type":"Person","@id":"http:\/\/www.coralherrero.com\/#\/schema\/person\/199bb23196b57b98dac557735efc46d5","name":"Administrator","image":{"@type":"ImageObject","inLanguage":"es","@id":"http:\/\/www.coralherrero.com\/#\/schema\/person\/image\/","url":"http:\/\/1.gravatar.com\/avatar\/a7d87b3874e6fa6c5ce0a8080cce4881?s=96&d=mm&r=g","contentUrl":"http:\/\/1.gravatar.com\/avatar\/a7d87b3874e6fa6c5ce0a8080cce4881?s=96&d=mm&r=g","caption":"Administrator"},"sameAs":["http:\/\/www.coralherrero.com"],"url":"http:\/\/www.coralherrero.com\/?author=1"}]}},"_links":{"self":[{"href":"http:\/\/www.coralherrero.com\/index.php?rest_route=\/wp\/v2\/posts\/3545"}],"collection":[{"href":"http:\/\/www.coralherrero.com\/index.php?rest_route=\/wp\/v2\/posts"}],"about":[{"href":"http:\/\/www.coralherrero.com\/index.php?rest_route=\/wp\/v2\/types\/post"}],"author":[{"embeddable":true,"href":"http:\/\/www.coralherrero.com\/index.php?rest_route=\/wp\/v2\/users\/1"}],"replies":[{"embeddable":true,"href":"http:\/\/www.coralherrero.com\/index.php?rest_route=%2Fwp%2Fv2%2Fcomments&post=3545"}],"version-history":[{"count":1,"href":"http:\/\/www.coralherrero.com\/index.php?rest_route=\/wp\/v2\/posts\/3545\/revisions"}],"predecessor-version":[{"id":3548,"href":"http:\/\/www.coralherrero.com\/index.php?rest_route=\/wp\/v2\/posts\/3545\/revisions\/3548"}],"wp:featuredmedia":[{"embeddable":true,"href":"http:\/\/www.coralherrero.com\/index.php?rest_route=\/wp\/v2\/media\/3546"}],"wp:attachment":[{"href":"http:\/\/www.coralherrero.com\/index.php?rest_route=%2Fwp%2Fv2%2Fmedia&parent=3545"}],"wp:term":[{"taxonomy":"category","embeddable":true,"href":"http:\/\/www.coralherrero.com\/index.php?rest_route=%2Fwp%2Fv2%2Fcategories&post=3545"},{"taxonomy":"post_tag","embeddable":true,"href":"http:\/\/www.coralherrero.com\/index.php?rest_route=%2Fwp%2Fv2%2Ftags&post=3545"}],"curies":[{"name":"wp","href":"https:\/\/api.w.org\/{rel}","templated":true}]}}