{"id":3541,"date":"2015-10-11T12:33:00","date_gmt":"2015-10-11T12:33:00","guid":{"rendered":"http:\/\/www.coralherrero.com\/?p=3541"},"modified":"2022-11-01T12:42:13","modified_gmt":"2022-11-01T12:42:13","slug":"aillats-la-memoria-de-columbretes","status":"publish","type":"post","link":"http:\/\/www.coralherrero.com\/?p=3541","title":{"rendered":"A\u00efllats, la memoria de Columbretes"},"content":{"rendered":"\n<p><strong>A\u00efllats, la mem\u00f2ria de Columbretes<\/strong>, es un proyecto audiovisual, en forma de documental, sobre los sentimientos de los habitantes del <strong>archipi\u00e9lago de las islas Columbretes<\/strong> y algunos acontecimientos destacados que han tenido lugar en las islas desde que comenzaron a estar habitadas en 1856.<\/p>\n\n\n\n<p>Un documental de Patricia Gonzalez, Eva Mestre, Fernando Ramia i Xavi del Se\u00f1or.<\/p>\n\n\n\n<p>La Coral Juan Ram\u00f3n Herrero se le ha brindado la oportunidad de participar en la banda sonora con el tema \u00abNanita\u00bb de Oltra.<\/p>\n\n\n\n<p class=\"has-text-align-right\"><a href=\"https:\/\/www.facebook.com\/groups\/574523539232843\/\" class=\"su-button su-button-style-flat\" style=\"color:#fff;background-color:#333;border-color:#292929;border-radius:4px;-moz-border-radius:4px;-webkit-border-radius:4px\" target=\"_blank\" rel=\"noopener noreferrer\"><span style=\"color:#fff;padding:5px 14px;font-size:12px;line-height:18px;border-color:#717171;border-radius:4px;-moz-border-radius:4px;-webkit-border-radius:4px;text-shadow:none;-moz-text-shadow:none;-webkit-text-shadow:none\"><i class=\"sui sui-facebook-square\" style=\"font-size:12px;color:#FFFFFF\"><\/i> Facebook<\/span><\/a>\n","protected":false},"excerpt":{"rendered":"<p>A\u00efllats, la mem\u00f2ria de Columbretes, es un proyecto audiovisual, en forma de documental, sobre los sentimientos de los habitantes del archipi\u00e9lago de las islas Columbretes y algunos acontecimientos destacados que han tenido lugar en las islas desde que comenzaron a estar habitadas en 1856. Un documental de Patricia Gonzalez, Eva Mestre, Fernando Ramia i Xavi<\/p>\n","protected":false},"author":1,"featured_media":3542,"comment_status":"closed","ping_status":"open","sticky":false,"template":"","format":"standard","meta":{"footnotes":""},"categories":[34,28],"tags":[],"yoast_head":"<!-- This site is optimized with the Yoast SEO plugin v19.9 - https:\/\/yoast.com\/wordpress\/plugins\/seo\/ -->\n<title>A\u00efllats, la memoria de Columbretes - Coral Juan Ram\u00f3n Herrero<\/title>\n<meta name=\"robots\" content=\"index, follow, max-snippet:-1, max-image-preview:large, max-video-preview:-1\" \/>\n<link rel=\"canonical\" href=\"http:\/\/www.coralherrero.com\/?p=3541\" \/>\n<meta property=\"og:locale\" content=\"es_ES\" \/>\n<meta property=\"og:type\" content=\"article\" \/>\n<meta property=\"og:title\" content=\"A\u00efllats, la memoria de Columbretes - Coral Juan Ram\u00f3n Herrero\" \/>\n<meta property=\"og:description\" content=\"A\u00efllats, la mem\u00f2ria de Columbretes, es un proyecto audiovisual, en forma de documental, sobre los sentimientos de los habitantes del archipi\u00e9lago de las islas Columbretes y algunos acontecimientos destacados que han tenido lugar en las islas desde que comenzaron a estar habitadas en 1856. Un documental de Patricia Gonzalez, Eva Mestre, Fernando Ramia i Xavi\" \/>\n<meta property=\"og:url\" content=\"http:\/\/www.coralherrero.com\/?p=3541\" \/>\n<meta property=\"og:site_name\" content=\"Coral Juan Ram\u00f3n Herrero\" \/>\n<meta property=\"article:publisher\" content=\"https:\/\/www.facebook.com\/CoralJuanRamonHerrero\" \/>\n<meta property=\"article:published_time\" content=\"2015-10-11T12:33:00+00:00\" \/>\n<meta property=\"article:modified_time\" content=\"2022-11-01T12:42:13+00:00\" \/>\n<meta property=\"og:image\" content=\"http:\/\/www.coralherrero.com\/wp-content\/uploads\/2022\/11\/aillats.jpeg\" \/>\n\t<meta property=\"og:image:width\" content=\"960\" \/>\n\t<meta property=\"og:image:height\" content=\"432\" \/>\n\t<meta property=\"og:image:type\" content=\"image\/jpeg\" \/>\n<meta name=\"author\" content=\"Administrator\" \/>\n<meta name=\"twitter:card\" content=\"summary_large_image\" \/>\n<meta name=\"twitter:label1\" content=\"Escrito por\" \/>\n\t<meta name=\"twitter:data1\" content=\"Administrator\" \/>\n\t<meta name=\"twitter:label2\" content=\"Tiempo de lectura\" \/>\n\t<meta name=\"twitter:data2\" content=\"1 minuto\" \/>\n<script type=\"application\/ld+json\" class=\"yoast-schema-graph\">{\"@context\":\"https:\/\/schema.org\",\"@graph\":[{\"@type\":\"Article\",\"@id\":\"http:\/\/www.coralherrero.com\/?p=3541#article\",\"isPartOf\":{\"@id\":\"http:\/\/www.coralherrero.com\/?p=3541\"},\"author\":{\"name\":\"Administrator\",\"@id\":\"http:\/\/www.coralherrero.com\/#\/schema\/person\/199bb23196b57b98dac557735efc46d5\"},\"headline\":\"A\u00efllats, la memoria de Columbretes\",\"datePublished\":\"2015-10-11T12:33:00+00:00\",\"dateModified\":\"2022-11-01T12:42:13+00:00\",\"mainEntityOfPage\":{\"@id\":\"http:\/\/www.coralherrero.com\/?p=3541\"},\"wordCount\":112,\"publisher\":{\"@id\":\"http:\/\/www.coralherrero.com\/#organization\"},\"articleSection\":[\"Colaboraciones\",\"Noticias\"],\"inLanguage\":\"es\"},{\"@type\":\"WebPage\",\"@id\":\"http:\/\/www.coralherrero.com\/?p=3541\",\"url\":\"http:\/\/www.coralherrero.com\/?p=3541\",\"name\":\"A\u00efllats, la memoria de Columbretes - Coral Juan Ram\u00f3n Herrero\",\"isPartOf\":{\"@id\":\"http:\/\/www.coralherrero.com\/#website\"},\"datePublished\":\"2015-10-11T12:33:00+00:00\",\"dateModified\":\"2022-11-01T12:42:13+00:00\",\"breadcrumb\":{\"@id\":\"http:\/\/www.coralherrero.com\/?p=3541#breadcrumb\"},\"inLanguage\":\"es\",\"potentialAction\":[{\"@type\":\"ReadAction\",\"target\":[\"http:\/\/www.coralherrero.com\/?p=3541\"]}]},{\"@type\":\"BreadcrumbList\",\"@id\":\"http:\/\/www.coralherrero.com\/?p=3541#breadcrumb\",\"itemListElement\":[{\"@type\":\"ListItem\",\"position\":1,\"name\":\"Portada\",\"item\":\"http:\/\/www.coralherrero.com\/\"},{\"@type\":\"ListItem\",\"position\":2,\"name\":\"A\u00efllats, la memoria de Columbretes\"}]},{\"@type\":\"WebSite\",\"@id\":\"http:\/\/www.coralherrero.com\/#website\",\"url\":\"http:\/\/www.coralherrero.com\/\",\"name\":\"Coral Juan Ram\u00f3n Herrero\",\"description\":\"\",\"publisher\":{\"@id\":\"http:\/\/www.coralherrero.com\/#organization\"},\"potentialAction\":[{\"@type\":\"SearchAction\",\"target\":{\"@type\":\"EntryPoint\",\"urlTemplate\":\"http:\/\/www.coralherrero.com\/?s={search_term_string}\"},\"query-input\":\"required name=search_term_string\"}],\"inLanguage\":\"es\"},{\"@type\":\"Organization\",\"@id\":\"http:\/\/www.coralherrero.com\/#organization\",\"name\":\"Coral Juan Ram\u00f3n Herrero\",\"url\":\"http:\/\/www.coralherrero.com\/\",\"logo\":{\"@type\":\"ImageObject\",\"inLanguage\":\"es\",\"@id\":\"http:\/\/www.coralherrero.com\/#\/schema\/logo\/image\/\",\"url\":\"http:\/\/www.coralherrero.com\/wp-content\/uploads\/2022\/09\/logo200x2001.jpg\",\"contentUrl\":\"http:\/\/www.coralherrero.com\/wp-content\/uploads\/2022\/09\/logo200x2001.jpg\",\"width\":200,\"height\":200,\"caption\":\"Coral Juan Ram\u00f3n Herrero\"},\"image\":{\"@id\":\"http:\/\/www.coralherrero.com\/#\/schema\/logo\/image\/\"},\"sameAs\":[\"https:\/\/www.instagram.com\/coral.jrh\/\",\"https:\/\/www.facebook.com\/CoralJuanRamonHerrero\"]},{\"@type\":\"Person\",\"@id\":\"http:\/\/www.coralherrero.com\/#\/schema\/person\/199bb23196b57b98dac557735efc46d5\",\"name\":\"Administrator\",\"image\":{\"@type\":\"ImageObject\",\"inLanguage\":\"es\",\"@id\":\"http:\/\/www.coralherrero.com\/#\/schema\/person\/image\/\",\"url\":\"http:\/\/1.gravatar.com\/avatar\/a7d87b3874e6fa6c5ce0a8080cce4881?s=96&d=mm&r=g\",\"contentUrl\":\"http:\/\/1.gravatar.com\/avatar\/a7d87b3874e6fa6c5ce0a8080cce4881?s=96&d=mm&r=g\",\"caption\":\"Administrator\"},\"sameAs\":[\"http:\/\/www.coralherrero.com\"],\"url\":\"http:\/\/www.coralherrero.com\/?author=1\"}]}<\/script>\n<!-- \/ Yoast SEO plugin. -->","yoast_head_json":{"title":"A\u00efllats, la memoria de Columbretes - Coral Juan Ram\u00f3n Herrero","robots":{"index":"index","follow":"follow","max-snippet":"max-snippet:-1","max-image-preview":"max-image-preview:large","max-video-preview":"max-video-preview:-1"},"canonical":"http:\/\/www.coralherrero.com\/?p=3541","og_locale":"es_ES","og_type":"article","og_title":"A\u00efllats, la memoria de Columbretes - Coral Juan Ram\u00f3n Herrero","og_description":"A\u00efllats, la mem\u00f2ria de Columbretes, es un proyecto audiovisual, en forma de documental, sobre los sentimientos de los habitantes del archipi\u00e9lago de las islas Columbretes y algunos acontecimientos destacados que han tenido lugar en las islas desde que comenzaron a estar habitadas en 1856. Un documental de Patricia Gonzalez, Eva Mestre, Fernando Ramia i Xavi","og_url":"http:\/\/www.coralherrero.com\/?p=3541","og_site_name":"Coral Juan Ram\u00f3n Herrero","article_publisher":"https:\/\/www.facebook.com\/CoralJuanRamonHerrero","article_published_time":"2015-10-11T12:33:00+00:00","article_modified_time":"2022-11-01T12:42:13+00:00","og_image":[{"width":960,"height":432,"url":"http:\/\/www.coralherrero.com\/wp-content\/uploads\/2022\/11\/aillats.jpeg","type":"image\/jpeg"}],"author":"Administrator","twitter_card":"summary_large_image","twitter_misc":{"Escrito por":"Administrator","Tiempo de lectura":"1 minuto"},"schema":{"@context":"https:\/\/schema.org","@graph":[{"@type":"Article","@id":"http:\/\/www.coralherrero.com\/?p=3541#article","isPartOf":{"@id":"http:\/\/www.coralherrero.com\/?p=3541"},"author":{"name":"Administrator","@id":"http:\/\/www.coralherrero.com\/#\/schema\/person\/199bb23196b57b98dac557735efc46d5"},"headline":"A\u00efllats, la memoria de Columbretes","datePublished":"2015-10-11T12:33:00+00:00","dateModified":"2022-11-01T12:42:13+00:00","mainEntityOfPage":{"@id":"http:\/\/www.coralherrero.com\/?p=3541"},"wordCount":112,"publisher":{"@id":"http:\/\/www.coralherrero.com\/#organization"},"articleSection":["Colaboraciones","Noticias"],"inLanguage":"es"},{"@type":"WebPage","@id":"http:\/\/www.coralherrero.com\/?p=3541","url":"http:\/\/www.coralherrero.com\/?p=3541","name":"A\u00efllats, la memoria de Columbretes - Coral Juan Ram\u00f3n Herrero","isPartOf":{"@id":"http:\/\/www.coralherrero.com\/#website"},"datePublished":"2015-10-11T12:33:00+00:00","dateModified":"2022-11-01T12:42:13+00:00","breadcrumb":{"@id":"http:\/\/www.coralherrero.com\/?p=3541#breadcrumb"},"inLanguage":"es","potentialAction":[{"@type":"ReadAction","target":["http:\/\/www.coralherrero.com\/?p=3541"]}]},{"@type":"BreadcrumbList","@id":"http:\/\/www.coralherrero.com\/?p=3541#breadcrumb","itemListElement":[{"@type":"ListItem","position":1,"name":"Portada","item":"http:\/\/www.coralherrero.com\/"},{"@type":"ListItem","position":2,"name":"A\u00efllats, la memoria de Columbretes"}]},{"@type":"WebSite","@id":"http:\/\/www.coralherrero.com\/#website","url":"http:\/\/www.coralherrero.com\/","name":"Coral Juan Ram\u00f3n Herrero","description":"","publisher":{"@id":"http:\/\/www.coralherrero.com\/#organization"},"potentialAction":[{"@type":"SearchAction","target":{"@type":"EntryPoint","urlTemplate":"http:\/\/www.coralherrero.com\/?s={search_term_string}"},"query-input":"required name=search_term_string"}],"inLanguage":"es"},{"@type":"Organization","@id":"http:\/\/www.coralherrero.com\/#organization","name":"Coral Juan Ram\u00f3n Herrero","url":"http:\/\/www.coralherrero.com\/","logo":{"@type":"ImageObject","inLanguage":"es","@id":"http:\/\/www.coralherrero.com\/#\/schema\/logo\/image\/","url":"http:\/\/www.coralherrero.com\/wp-content\/uploads\/2022\/09\/logo200x2001.jpg","contentUrl":"http:\/\/www.coralherrero.com\/wp-content\/uploads\/2022\/09\/logo200x2001.jpg","width":200,"height":200,"caption":"Coral Juan Ram\u00f3n Herrero"},"image":{"@id":"http:\/\/www.coralherrero.com\/#\/schema\/logo\/image\/"},"sameAs":["https:\/\/www.instagram.com\/coral.jrh\/","https:\/\/www.facebook.com\/CoralJuanRamonHerrero"]},{"@type":"Person","@id":"http:\/\/www.coralherrero.com\/#\/schema\/person\/199bb23196b57b98dac557735efc46d5","name":"Administrator","image":{"@type":"ImageObject","inLanguage":"es","@id":"http:\/\/www.coralherrero.com\/#\/schema\/person\/image\/","url":"http:\/\/1.gravatar.com\/avatar\/a7d87b3874e6fa6c5ce0a8080cce4881?s=96&d=mm&r=g","contentUrl":"http:\/\/1.gravatar.com\/avatar\/a7d87b3874e6fa6c5ce0a8080cce4881?s=96&d=mm&r=g","caption":"Administrator"},"sameAs":["http:\/\/www.coralherrero.com"],"url":"http:\/\/www.coralherrero.com\/?author=1"}]}},"_links":{"self":[{"href":"http:\/\/www.coralherrero.com\/index.php?rest_route=\/wp\/v2\/posts\/3541"}],"collection":[{"href":"http:\/\/www.coralherrero.com\/index.php?rest_route=\/wp\/v2\/posts"}],"about":[{"href":"http:\/\/www.coralherrero.com\/index.php?rest_route=\/wp\/v2\/types\/post"}],"author":[{"embeddable":true,"href":"http:\/\/www.coralherrero.com\/index.php?rest_route=\/wp\/v2\/users\/1"}],"replies":[{"embeddable":true,"href":"http:\/\/www.coralherrero.com\/index.php?rest_route=%2Fwp%2Fv2%2Fcomments&post=3541"}],"version-history":[{"count":2,"href":"http:\/\/www.coralherrero.com\/index.php?rest_route=\/wp\/v2\/posts\/3541\/revisions"}],"predecessor-version":[{"id":3544,"href":"http:\/\/www.coralherrero.com\/index.php?rest_route=\/wp\/v2\/posts\/3541\/revisions\/3544"}],"wp:featuredmedia":[{"embeddable":true,"href":"http:\/\/www.coralherrero.com\/index.php?rest_route=\/wp\/v2\/media\/3542"}],"wp:attachment":[{"href":"http:\/\/www.coralherrero.com\/index.php?rest_route=%2Fwp%2Fv2%2Fmedia&parent=3541"}],"wp:term":[{"taxonomy":"category","embeddable":true,"href":"http:\/\/www.coralherrero.com\/index.php?rest_route=%2Fwp%2Fv2%2Fcategories&post=3541"},{"taxonomy":"post_tag","embeddable":true,"href":"http:\/\/www.coralherrero.com\/index.php?rest_route=%2Fwp%2Fv2%2Ftags&post=3541"}],"curies":[{"name":"wp","href":"https:\/\/api.w.org\/{rel}","templated":true}]}}