{"id":3531,"date":"2016-11-07T12:15:00","date_gmt":"2016-11-07T12:15:00","guid":{"rendered":"http:\/\/www.coralherrero.com\/?p=3531"},"modified":"2022-11-01T12:21:35","modified_gmt":"2022-11-01T12:21:35","slug":"guia-practica-para-cantar-en-un-coro","status":"publish","type":"post","link":"http:\/\/www.coralherrero.com\/?p=3531","title":{"rendered":"Gu\u00eda Practica Para Cantar En Un Coro"},"content":{"rendered":"\n<p>El pr\u00f3ximo 3 de diciembre Isabel Villagar presentar\u00e1 su libro \u00ab<a href=\"https:\/\/www.amazon.es\/gp\/product\/849459611X\/ref=as_li_qf_sp_asin_tl?ie=UTF8&amp;camp=3626&amp;creative=24790&amp;creativeASIN=849459611X&amp;linkCode=as2&amp;tag=labrujuladelcanto-21\" target=\"_blank\" rel=\"noreferrer noopener\">Guia para cantar en un coro<\/a>\u00bb &nbsp;en la Bohemia ( Calles Ciscar, 14) a las 12h y la Coral Juan Ram\u00f3n Herrero estar\u00e1 presente cantando alg\u00fan tema del repertorio.<\/p>\n\n\n\n<p>En esta gu\u00eda explica qu\u00e9 es un coro, c\u00f3mo funciona, t\u00e9cnica vocal entre muchas otras cosas. Si quer\u00e9is saber m\u00e1s sobre ella y su trabajo no dud\u00e9is en visitar su blog:&nbsp;<a href=\"http:\/\/www.labrujuladelcanto.com\" target=\"_blank\" rel=\"noreferrer noopener\">http:\/\/www.labrujuladelcanto.com<\/a>&nbsp;un lugar dedicado al canto que sin duda no os decepcionar\u00e1.<\/p>\n","protected":false},"excerpt":{"rendered":"<p>El pr\u00f3ximo 3 de diciembre Isabel Villagar presentar\u00e1 su libro \u00abGuia para cantar en un coro\u00bb &nbsp;en la Bohemia ( Calles Ciscar, 14) a las 12h y la Coral Juan Ram\u00f3n Herrero estar\u00e1 presente cantando alg\u00fan tema del repertorio. En esta gu\u00eda explica qu\u00e9 es un coro, c\u00f3mo funciona, t\u00e9cnica vocal entre muchas otras cosas.<\/p>\n","protected":false},"author":1,"featured_media":3532,"comment_status":"closed","ping_status":"open","sticky":false,"template":"","format":"standard","meta":{"footnotes":""},"categories":[28],"tags":[],"yoast_head":"<!-- This site is optimized with the Yoast SEO plugin v19.9 - https:\/\/yoast.com\/wordpress\/plugins\/seo\/ -->\n<title>Gu\u00eda Practica Para Cantar En Un Coro - Coral Juan Ram\u00f3n Herrero<\/title>\n<meta name=\"description\" content=\"Presentaci\u00f3n de libro &quot;Guia para cantar en un coro&quot; de Isabel Villagar\" \/>\n<meta name=\"robots\" content=\"index, follow, max-snippet:-1, max-image-preview:large, max-video-preview:-1\" \/>\n<link rel=\"canonical\" href=\"http:\/\/www.coralherrero.com\/?p=3531\" \/>\n<meta property=\"og:locale\" content=\"es_ES\" \/>\n<meta property=\"og:type\" content=\"article\" \/>\n<meta property=\"og:title\" content=\"Gu\u00eda Practica Para Cantar En Un Coro - Coral Juan Ram\u00f3n Herrero\" \/>\n<meta property=\"og:description\" content=\"Presentaci\u00f3n de libro &quot;Guia para cantar en un coro&quot; de Isabel Villagar\" \/>\n<meta property=\"og:url\" content=\"http:\/\/www.coralherrero.com\/?p=3531\" \/>\n<meta property=\"og:site_name\" content=\"Coral Juan Ram\u00f3n Herrero\" \/>\n<meta property=\"article:publisher\" content=\"https:\/\/www.facebook.com\/CoralJuanRamonHerrero\" \/>\n<meta property=\"article:published_time\" content=\"2016-11-07T12:15:00+00:00\" \/>\n<meta property=\"article:modified_time\" content=\"2022-11-01T12:21:35+00:00\" \/>\n<meta property=\"og:image\" content=\"http:\/\/www.coralherrero.com\/wp-content\/uploads\/2022\/11\/Cover_Guia-practica-para-cantar-en-un-coro_FILMAR.jpeg\" \/>\n\t<meta property=\"og:image:width\" content=\"822\" \/>\n\t<meta property=\"og:image:height\" content=\"1283\" \/>\n\t<meta property=\"og:image:type\" content=\"image\/jpeg\" \/>\n<meta name=\"author\" content=\"Administrator\" \/>\n<meta name=\"twitter:card\" content=\"summary_large_image\" \/>\n<meta name=\"twitter:label1\" content=\"Escrito por\" \/>\n\t<meta name=\"twitter:data1\" content=\"Administrator\" \/>\n\t<meta name=\"twitter:label2\" content=\"Tiempo de lectura\" \/>\n\t<meta name=\"twitter:data2\" content=\"1 minuto\" \/>\n<script type=\"application\/ld+json\" class=\"yoast-schema-graph\">{\"@context\":\"https:\/\/schema.org\",\"@graph\":[{\"@type\":\"Article\",\"@id\":\"http:\/\/www.coralherrero.com\/?p=3531#article\",\"isPartOf\":{\"@id\":\"http:\/\/www.coralherrero.com\/?p=3531\"},\"author\":{\"name\":\"Administrator\",\"@id\":\"http:\/\/www.coralherrero.com\/#\/schema\/person\/199bb23196b57b98dac557735efc46d5\"},\"headline\":\"Gu\u00eda Practica Para Cantar En Un Coro\",\"datePublished\":\"2016-11-07T12:15:00+00:00\",\"dateModified\":\"2022-11-01T12:21:35+00:00\",\"mainEntityOfPage\":{\"@id\":\"http:\/\/www.coralherrero.com\/?p=3531\"},\"wordCount\":102,\"publisher\":{\"@id\":\"http:\/\/www.coralherrero.com\/#organization\"},\"articleSection\":[\"Noticias\"],\"inLanguage\":\"es\"},{\"@type\":\"WebPage\",\"@id\":\"http:\/\/www.coralherrero.com\/?p=3531\",\"url\":\"http:\/\/www.coralherrero.com\/?p=3531\",\"name\":\"Gu\u00eda Practica Para Cantar En Un Coro - Coral Juan Ram\u00f3n Herrero\",\"isPartOf\":{\"@id\":\"http:\/\/www.coralherrero.com\/#website\"},\"datePublished\":\"2016-11-07T12:15:00+00:00\",\"dateModified\":\"2022-11-01T12:21:35+00:00\",\"description\":\"Presentaci\u00f3n de libro \\\"Guia para cantar en un coro\\\" de Isabel Villagar\",\"breadcrumb\":{\"@id\":\"http:\/\/www.coralherrero.com\/?p=3531#breadcrumb\"},\"inLanguage\":\"es\",\"potentialAction\":[{\"@type\":\"ReadAction\",\"target\":[\"http:\/\/www.coralherrero.com\/?p=3531\"]}]},{\"@type\":\"BreadcrumbList\",\"@id\":\"http:\/\/www.coralherrero.com\/?p=3531#breadcrumb\",\"itemListElement\":[{\"@type\":\"ListItem\",\"position\":1,\"name\":\"Portada\",\"item\":\"http:\/\/www.coralherrero.com\/\"},{\"@type\":\"ListItem\",\"position\":2,\"name\":\"Gu\u00eda Practica Para Cantar En Un Coro\"}]},{\"@type\":\"WebSite\",\"@id\":\"http:\/\/www.coralherrero.com\/#website\",\"url\":\"http:\/\/www.coralherrero.com\/\",\"name\":\"Coral Juan Ram\u00f3n Herrero\",\"description\":\"\",\"publisher\":{\"@id\":\"http:\/\/www.coralherrero.com\/#organization\"},\"potentialAction\":[{\"@type\":\"SearchAction\",\"target\":{\"@type\":\"EntryPoint\",\"urlTemplate\":\"http:\/\/www.coralherrero.com\/?s={search_term_string}\"},\"query-input\":\"required name=search_term_string\"}],\"inLanguage\":\"es\"},{\"@type\":\"Organization\",\"@id\":\"http:\/\/www.coralherrero.com\/#organization\",\"name\":\"Coral Juan Ram\u00f3n Herrero\",\"url\":\"http:\/\/www.coralherrero.com\/\",\"logo\":{\"@type\":\"ImageObject\",\"inLanguage\":\"es\",\"@id\":\"http:\/\/www.coralherrero.com\/#\/schema\/logo\/image\/\",\"url\":\"http:\/\/www.coralherrero.com\/wp-content\/uploads\/2022\/09\/logo200x2001.jpg\",\"contentUrl\":\"http:\/\/www.coralherrero.com\/wp-content\/uploads\/2022\/09\/logo200x2001.jpg\",\"width\":200,\"height\":200,\"caption\":\"Coral Juan Ram\u00f3n Herrero\"},\"image\":{\"@id\":\"http:\/\/www.coralherrero.com\/#\/schema\/logo\/image\/\"},\"sameAs\":[\"https:\/\/www.instagram.com\/coral.jrh\/\",\"https:\/\/www.facebook.com\/CoralJuanRamonHerrero\"]},{\"@type\":\"Person\",\"@id\":\"http:\/\/www.coralherrero.com\/#\/schema\/person\/199bb23196b57b98dac557735efc46d5\",\"name\":\"Administrator\",\"image\":{\"@type\":\"ImageObject\",\"inLanguage\":\"es\",\"@id\":\"http:\/\/www.coralherrero.com\/#\/schema\/person\/image\/\",\"url\":\"http:\/\/1.gravatar.com\/avatar\/a7d87b3874e6fa6c5ce0a8080cce4881?s=96&d=mm&r=g\",\"contentUrl\":\"http:\/\/1.gravatar.com\/avatar\/a7d87b3874e6fa6c5ce0a8080cce4881?s=96&d=mm&r=g\",\"caption\":\"Administrator\"},\"sameAs\":[\"http:\/\/www.coralherrero.com\"],\"url\":\"http:\/\/www.coralherrero.com\/?author=1\"}]}<\/script>\n<!-- \/ Yoast SEO plugin. -->","yoast_head_json":{"title":"Gu\u00eda Practica Para Cantar En Un Coro - Coral Juan Ram\u00f3n Herrero","description":"Presentaci\u00f3n de libro \"Guia para cantar en un coro\" de Isabel Villagar","robots":{"index":"index","follow":"follow","max-snippet":"max-snippet:-1","max-image-preview":"max-image-preview:large","max-video-preview":"max-video-preview:-1"},"canonical":"http:\/\/www.coralherrero.com\/?p=3531","og_locale":"es_ES","og_type":"article","og_title":"Gu\u00eda Practica Para Cantar En Un Coro - Coral Juan Ram\u00f3n Herrero","og_description":"Presentaci\u00f3n de libro \"Guia para cantar en un coro\" de Isabel Villagar","og_url":"http:\/\/www.coralherrero.com\/?p=3531","og_site_name":"Coral Juan Ram\u00f3n Herrero","article_publisher":"https:\/\/www.facebook.com\/CoralJuanRamonHerrero","article_published_time":"2016-11-07T12:15:00+00:00","article_modified_time":"2022-11-01T12:21:35+00:00","og_image":[{"width":822,"height":1283,"url":"http:\/\/www.coralherrero.com\/wp-content\/uploads\/2022\/11\/Cover_Guia-practica-para-cantar-en-un-coro_FILMAR.jpeg","type":"image\/jpeg"}],"author":"Administrator","twitter_card":"summary_large_image","twitter_misc":{"Escrito por":"Administrator","Tiempo de lectura":"1 minuto"},"schema":{"@context":"https:\/\/schema.org","@graph":[{"@type":"Article","@id":"http:\/\/www.coralherrero.com\/?p=3531#article","isPartOf":{"@id":"http:\/\/www.coralherrero.com\/?p=3531"},"author":{"name":"Administrator","@id":"http:\/\/www.coralherrero.com\/#\/schema\/person\/199bb23196b57b98dac557735efc46d5"},"headline":"Gu\u00eda Practica Para Cantar En Un Coro","datePublished":"2016-11-07T12:15:00+00:00","dateModified":"2022-11-01T12:21:35+00:00","mainEntityOfPage":{"@id":"http:\/\/www.coralherrero.com\/?p=3531"},"wordCount":102,"publisher":{"@id":"http:\/\/www.coralherrero.com\/#organization"},"articleSection":["Noticias"],"inLanguage":"es"},{"@type":"WebPage","@id":"http:\/\/www.coralherrero.com\/?p=3531","url":"http:\/\/www.coralherrero.com\/?p=3531","name":"Gu\u00eda Practica Para Cantar En Un Coro - Coral Juan Ram\u00f3n Herrero","isPartOf":{"@id":"http:\/\/www.coralherrero.com\/#website"},"datePublished":"2016-11-07T12:15:00+00:00","dateModified":"2022-11-01T12:21:35+00:00","description":"Presentaci\u00f3n de libro \"Guia para cantar en un coro\" de Isabel Villagar","breadcrumb":{"@id":"http:\/\/www.coralherrero.com\/?p=3531#breadcrumb"},"inLanguage":"es","potentialAction":[{"@type":"ReadAction","target":["http:\/\/www.coralherrero.com\/?p=3531"]}]},{"@type":"BreadcrumbList","@id":"http:\/\/www.coralherrero.com\/?p=3531#breadcrumb","itemListElement":[{"@type":"ListItem","position":1,"name":"Portada","item":"http:\/\/www.coralherrero.com\/"},{"@type":"ListItem","position":2,"name":"Gu\u00eda Practica Para Cantar En Un Coro"}]},{"@type":"WebSite","@id":"http:\/\/www.coralherrero.com\/#website","url":"http:\/\/www.coralherrero.com\/","name":"Coral Juan Ram\u00f3n Herrero","description":"","publisher":{"@id":"http:\/\/www.coralherrero.com\/#organization"},"potentialAction":[{"@type":"SearchAction","target":{"@type":"EntryPoint","urlTemplate":"http:\/\/www.coralherrero.com\/?s={search_term_string}"},"query-input":"required name=search_term_string"}],"inLanguage":"es"},{"@type":"Organization","@id":"http:\/\/www.coralherrero.com\/#organization","name":"Coral Juan Ram\u00f3n Herrero","url":"http:\/\/www.coralherrero.com\/","logo":{"@type":"ImageObject","inLanguage":"es","@id":"http:\/\/www.coralherrero.com\/#\/schema\/logo\/image\/","url":"http:\/\/www.coralherrero.com\/wp-content\/uploads\/2022\/09\/logo200x2001.jpg","contentUrl":"http:\/\/www.coralherrero.com\/wp-content\/uploads\/2022\/09\/logo200x2001.jpg","width":200,"height":200,"caption":"Coral Juan Ram\u00f3n Herrero"},"image":{"@id":"http:\/\/www.coralherrero.com\/#\/schema\/logo\/image\/"},"sameAs":["https:\/\/www.instagram.com\/coral.jrh\/","https:\/\/www.facebook.com\/CoralJuanRamonHerrero"]},{"@type":"Person","@id":"http:\/\/www.coralherrero.com\/#\/schema\/person\/199bb23196b57b98dac557735efc46d5","name":"Administrator","image":{"@type":"ImageObject","inLanguage":"es","@id":"http:\/\/www.coralherrero.com\/#\/schema\/person\/image\/","url":"http:\/\/1.gravatar.com\/avatar\/a7d87b3874e6fa6c5ce0a8080cce4881?s=96&d=mm&r=g","contentUrl":"http:\/\/1.gravatar.com\/avatar\/a7d87b3874e6fa6c5ce0a8080cce4881?s=96&d=mm&r=g","caption":"Administrator"},"sameAs":["http:\/\/www.coralherrero.com"],"url":"http:\/\/www.coralherrero.com\/?author=1"}]}},"_links":{"self":[{"href":"http:\/\/www.coralherrero.com\/index.php?rest_route=\/wp\/v2\/posts\/3531"}],"collection":[{"href":"http:\/\/www.coralherrero.com\/index.php?rest_route=\/wp\/v2\/posts"}],"about":[{"href":"http:\/\/www.coralherrero.com\/index.php?rest_route=\/wp\/v2\/types\/post"}],"author":[{"embeddable":true,"href":"http:\/\/www.coralherrero.com\/index.php?rest_route=\/wp\/v2\/users\/1"}],"replies":[{"embeddable":true,"href":"http:\/\/www.coralherrero.com\/index.php?rest_route=%2Fwp%2Fv2%2Fcomments&post=3531"}],"version-history":[{"count":3,"href":"http:\/\/www.coralherrero.com\/index.php?rest_route=\/wp\/v2\/posts\/3531\/revisions"}],"predecessor-version":[{"id":3537,"href":"http:\/\/www.coralherrero.com\/index.php?rest_route=\/wp\/v2\/posts\/3531\/revisions\/3537"}],"wp:featuredmedia":[{"embeddable":true,"href":"http:\/\/www.coralherrero.com\/index.php?rest_route=\/wp\/v2\/media\/3532"}],"wp:attachment":[{"href":"http:\/\/www.coralherrero.com\/index.php?rest_route=%2Fwp%2Fv2%2Fmedia&parent=3531"}],"wp:term":[{"taxonomy":"category","embeddable":true,"href":"http:\/\/www.coralherrero.com\/index.php?rest_route=%2Fwp%2Fv2%2Fcategories&post=3531"},{"taxonomy":"post_tag","embeddable":true,"href":"http:\/\/www.coralherrero.com\/index.php?rest_route=%2Fwp%2Fv2%2Ftags&post=3531"}],"curies":[{"name":"wp","href":"https:\/\/api.w.org\/{rel}","templated":true}]}}