{"id":3389,"date":"2010-10-01T15:54:00","date_gmt":"2010-10-01T15:54:00","guid":{"rendered":"http:\/\/www.coralherrero.com\/?p=3389"},"modified":"2022-10-31T17:22:00","modified_gmt":"2022-10-31T17:22:00","slug":"cantando-en-silencio","status":"publish","type":"post","link":"http:\/\/www.coralherrero.com\/?p=3389","title":{"rendered":"Cantando en silencio"},"content":{"rendered":"\t\t<div data-elementor-type=\"wp-post\" data-elementor-id=\"3389\" class=\"elementor elementor-3389\">\n\t\t\t\t\t\t\t\t\t<section class=\"elementor-section elementor-top-section elementor-element elementor-element-36db8ed elementor-section-boxed elementor-section-height-default elementor-section-height-default\" data-id=\"36db8ed\" data-element_type=\"section\">\n\t\t\t\t\t\t<div class=\"elementor-container elementor-column-gap-default\">\n\t\t\t\t\t<div class=\"elementor-column elementor-col-100 elementor-top-column elementor-element elementor-element-1ea12d2\" data-id=\"1ea12d2\" data-element_type=\"column\">\n\t\t\t<div class=\"elementor-widget-wrap elementor-element-populated\">\n\t\t\t\t\t\t\t\t<div class=\"elementor-element elementor-element-2e49769 elementor-widget elementor-widget-text-editor\" data-id=\"2e49769\" data-element_type=\"widget\" data-widget_type=\"text-editor.default\">\n\t\t\t\t<div class=\"elementor-widget-container\">\n\t\t\t<style>\/*! elementor - v3.7.8 - 02-10-2022 *\/\n.elementor-widget-text-editor.elementor-drop-cap-view-stacked .elementor-drop-cap{background-color:#818a91;color:#fff}.elementor-widget-text-editor.elementor-drop-cap-view-framed .elementor-drop-cap{color:#818a91;border:3px solid;background-color:transparent}.elementor-widget-text-editor:not(.elementor-drop-cap-view-default) .elementor-drop-cap{margin-top:8px}.elementor-widget-text-editor:not(.elementor-drop-cap-view-default) .elementor-drop-cap-letter{width:1em;height:1em}.elementor-widget-text-editor .elementor-drop-cap{float:left;text-align:center;line-height:1;font-size:50px}.elementor-widget-text-editor .elementor-drop-cap-letter{display:inline-block}<\/style>\t\t\t\t<p>El t\u00edtulo de esta grabaci\u00f3n rinde homenaje a la labor callada pero firme de Ricardo Macho, quien con su batuta suave, rigurosa y plena de matices, impone armon\u00eda y orden en las veinticinco voces de la Coral Juan Ram\u00f3n Herrero, en una b\u00fasqueda constante de la calidad sin estridencias.<\/p><p>Es una formaci\u00f3n joven compuesta por coralistas veteranos y recientes. Fundada en el a\u00f1o 2000 por el empe\u00f1o del actual presidente, Pedro J. Agust\u00edn, quien se plante\u00f3 el reto de reunir a los antiguos componentes de la Coral la Plana tras doce a\u00f1os de silencio. Cuenta, tambi\u00e9n, con antiguos miembros de otras formaciones.<\/p><p>Cantan por placer y con maestr\u00eda. La suya es una vocaci\u00f3n s\u00f3lida y su prop\u00f3sito decidido, llevar la m\u00fasica coral a ni\u00f1os y mayores, mel\u00f3manos y profanos, con un repertorio diverso, selecto, alegre y arm\u00f3nico.<\/p><p style=\"text-align: center;\"><strong>UN RETO APASIONANTE<\/strong><\/p><p>Ante el d\u00e9cimo aniversario de la fundaci\u00f3n de la coral, en el sentimiento colectivo de la misma comenz\u00f3 a germinar la idea de celebrarla andadura musical compartida de manera especial. Emprender la grabaci\u00f3n de este disco supuso un reto apasionante y un esfuerzo personal enorme, pero el resultado final revela con fidelidad la trayectoria recorrida.<\/p><p>Elegir las canciones no fue tarea f\u00e1cil. El repertorio deb\u00eda reflejar la esencia de la coral, transmitiendo calidad art\u00edstica, coherencia y emociones que han contribuido a forjar su car\u00e1cter, como \u2018<em>Alfonsina y el Mar<\/em>\u2019, un tributo al maestro Herrero, o \u2018<em>D\u00edas Eternos<\/em>\u2019 en homenaje a su disc\u00edpulo Manuel Torada. \u2018<em>Trasp\u00e0s<\/em>\u2019, es una obra in\u00e9dita y conmovedora de Matilde Salvador y la nana al Ni\u00f1o Dios \u2018<em>Dorm Infant\u00f3<\/em>\u2019 es una composici\u00f3n del director de la CJR.<\/p>\t\t\t\t\t\t<\/div>\n\t\t\t\t<\/div>\n\t\t\t\t\t<\/div>\n\t\t<\/div>\n\t\t\t\t\t\t\t<\/div>\n\t\t<\/section>\n\t\t\t\t<section class=\"elementor-section elementor-top-section elementor-element elementor-element-aedab29 elementor-section-boxed elementor-section-height-default elementor-section-height-default\" data-id=\"aedab29\" data-element_type=\"section\">\n\t\t\t\t\t\t<div class=\"elementor-container elementor-column-gap-default\">\n\t\t\t\t\t<div class=\"elementor-column elementor-col-100 elementor-top-column elementor-element elementor-element-ce81267\" data-id=\"ce81267\" data-element_type=\"column\">\n\t\t\t<div class=\"elementor-widget-wrap elementor-element-populated\">\n\t\t\t\t\t\t\t\t<div class=\"elementor-element elementor-element-8e55f0a elementor-widget elementor-widget-text-editor\" data-id=\"8e55f0a\" data-element_type=\"widget\" data-widget_type=\"text-editor.default\">\n\t\t\t\t<div class=\"elementor-widget-container\">\n\t\t\t\t\t\t\t<!--[if lt IE 9]><script>document.createElement('audio');<\/script><![endif]-->\n\t<div class=\"wp-playlist wp-audio-playlist wp-playlist-light\">\n\t\t\t<div class=\"wp-playlist-current-item\"><\/div>\n\t\t<audio controls=\"controls\" preload=\"none\" width=\"823\"\n\t\t\t><\/audio>\n\t<div class=\"wp-playlist-next\"><\/div>\n\t<div class=\"wp-playlist-prev\"><\/div>\n\t<noscript>\n\t<ol>\n\t\t<li><a href='http:\/\/www.coralherrero.com\/wp-content\/uploads\/2022\/10\/01-chabuca-limena.mp3'>Chabuca Lime\u00f1a<\/a><\/li><li><a href='http:\/\/www.coralherrero.com\/wp-content\/uploads\/2022\/10\/02-moon-river.mp3'>Moon river<\/a><\/li><li><a href='http:\/\/www.coralherrero.com\/wp-content\/uploads\/2022\/10\/03-solamente-una-vez.mp3'>Solamente una vez<\/a><\/li><li><a href='http:\/\/www.coralherrero.com\/wp-content\/uploads\/2022\/10\/04-el-dia-que-me-quieras.mp3'>El d\u00eda que me quieras<\/a><\/li><li><a href='http:\/\/www.coralherrero.com\/wp-content\/uploads\/2022\/10\/05-alfonsina-y-el-mar.mp3'>Alfonsina y el mar<\/a><\/li><li><a href='http:\/\/www.coralherrero.com\/wp-content\/uploads\/2022\/10\/06-dorm-infanto.mp3'>Dorm infant\u00f3<\/a><\/li><li><a href='http:\/\/www.coralherrero.com\/wp-content\/uploads\/2022\/10\/07-la-hamaca.mp3'>La hamaca<\/a><\/li><li><a href='http:\/\/www.coralherrero.com\/wp-content\/uploads\/2022\/10\/08-limportant-cest-la-rose.mp3'>L&#8217;important c&#8217;est la rose<\/a><\/li><li><a href='http:\/\/www.coralherrero.com\/wp-content\/uploads\/2022\/10\/09-dias-eternos.mp3'>Dias eternos<\/a><\/li><li><a href='http:\/\/www.coralherrero.com\/wp-content\/uploads\/2022\/10\/10-caminito.mp3'>Caminito<\/a><\/li><li><a href='http:\/\/www.coralherrero.com\/wp-content\/uploads\/2022\/10\/11-a-la-nanita.mp3'>A la nanita<\/a><\/li><li><a href='http:\/\/www.coralherrero.com\/wp-content\/uploads\/2022\/10\/12-traspas.mp3'>Trasp\u00e0s<\/a><\/li><li><a href='http:\/\/www.coralherrero.com\/wp-content\/uploads\/2022\/10\/13-el-ultimo-cafe.mp3'>El \u00faltimo caf\u00e9<\/a><\/li>\t<\/ol>\n\t<\/noscript>\n\t<script type=\"application\/json\" class=\"wp-playlist-script\">{\"type\":\"audio\",\"tracklist\":true,\"tracknumbers\":true,\"images\":true,\"artists\":true,\"tracks\":[{\"src\":\"http:\\\/\\\/www.coralherrero.com\\\/wp-content\\\/uploads\\\/2022\\\/10\\\/01-chabuca-limena.mp3\",\"type\":\"audio\\\/mpeg\",\"title\":\"Chabuca Lime\\u00f1a\",\"caption\":\"\",\"description\":\"Chabuca Lime\\u00f1a\",\"meta\":{\"artist\":\"Coral Juan Ram\\u00f3n Herrero\",\"album\":\"Cantando en silencio\",\"length_formatted\":\"2:42\"},\"image\":{\"src\":\"http:\\\/\\\/www.coralherrero.com\\\/wp-includes\\\/images\\\/media\\\/audio.svg\",\"width\":48,\"height\":64},\"thumb\":{\"src\":\"http:\\\/\\\/www.coralherrero.com\\\/wp-includes\\\/images\\\/media\\\/audio.svg\",\"width\":48,\"height\":64}},{\"src\":\"http:\\\/\\\/www.coralherrero.com\\\/wp-content\\\/uploads\\\/2022\\\/10\\\/02-moon-river.mp3\",\"type\":\"audio\\\/mpeg\",\"title\":\"Moon river\",\"caption\":\"\",\"description\":\"Moon river\",\"meta\":{\"artist\":\"Coral Juan Ram\\u00f3n Herrero\",\"album\":\"Cantando en silencio\",\"length_formatted\":\"3:12\"},\"image\":{\"src\":\"http:\\\/\\\/www.coralherrero.com\\\/wp-includes\\\/images\\\/media\\\/audio.svg\",\"width\":48,\"height\":64},\"thumb\":{\"src\":\"http:\\\/\\\/www.coralherrero.com\\\/wp-includes\\\/images\\\/media\\\/audio.svg\",\"width\":48,\"height\":64}},{\"src\":\"http:\\\/\\\/www.coralherrero.com\\\/wp-content\\\/uploads\\\/2022\\\/10\\\/03-solamente-una-vez.mp3\",\"type\":\"audio\\\/mpeg\",\"title\":\"Solamente una vez\",\"caption\":\"\",\"description\":\"Solamente una vez\",\"meta\":{\"artist\":\"Coral Juan Ram\\u00f3n Herrero\",\"album\":\"Cantando en silencio\",\"length_formatted\":\"3:36\"},\"image\":{\"src\":\"http:\\\/\\\/www.coralherrero.com\\\/wp-includes\\\/images\\\/media\\\/audio.svg\",\"width\":48,\"height\":64},\"thumb\":{\"src\":\"http:\\\/\\\/www.coralherrero.com\\\/wp-includes\\\/images\\\/media\\\/audio.svg\",\"width\":48,\"height\":64}},{\"src\":\"http:\\\/\\\/www.coralherrero.com\\\/wp-content\\\/uploads\\\/2022\\\/10\\\/04-el-dia-que-me-quieras.mp3\",\"type\":\"audio\\\/mpeg\",\"title\":\"El d\\u00eda que me quieras\",\"caption\":\"\",\"description\":\"El d\\u00eda que me quieras\",\"meta\":{\"artist\":\"Coral Juan Ram\\u00f3n Herrero\",\"album\":\"Cantando en silencio\",\"length_formatted\":\"4:42\"},\"image\":{\"src\":\"http:\\\/\\\/www.coralherrero.com\\\/wp-includes\\\/images\\\/media\\\/audio.svg\",\"width\":48,\"height\":64},\"thumb\":{\"src\":\"http:\\\/\\\/www.coralherrero.com\\\/wp-includes\\\/images\\\/media\\\/audio.svg\",\"width\":48,\"height\":64}},{\"src\":\"http:\\\/\\\/www.coralherrero.com\\\/wp-content\\\/uploads\\\/2022\\\/10\\\/05-alfonsina-y-el-mar.mp3\",\"type\":\"audio\\\/mpeg\",\"title\":\"Alfonsina y el mar\",\"caption\":\"\",\"description\":\"Alfonsina y el mar\",\"meta\":{\"artist\":\"Coral Juan Ram\\u00f3n Herrero\",\"album\":\"Cantando en silencio\",\"length_formatted\":\"5:01\"},\"image\":{\"src\":\"http:\\\/\\\/www.coralherrero.com\\\/wp-includes\\\/images\\\/media\\\/audio.svg\",\"width\":48,\"height\":64},\"thumb\":{\"src\":\"http:\\\/\\\/www.coralherrero.com\\\/wp-includes\\\/images\\\/media\\\/audio.svg\",\"width\":48,\"height\":64}},{\"src\":\"http:\\\/\\\/www.coralherrero.com\\\/wp-content\\\/uploads\\\/2022\\\/10\\\/06-dorm-infanto.mp3\",\"type\":\"audio\\\/mpeg\",\"title\":\"Dorm infant\\u00f3\",\"caption\":\"\",\"description\":\"Dorm infant\\u00f3\",\"meta\":{\"artist\":\"Coral Juan Ram\\u00f3n Herrero\",\"album\":\"Cantando en silencio\",\"length_formatted\":\"2:10\"},\"image\":{\"src\":\"http:\\\/\\\/www.coralherrero.com\\\/wp-includes\\\/images\\\/media\\\/audio.svg\",\"width\":48,\"height\":64},\"thumb\":{\"src\":\"http:\\\/\\\/www.coralherrero.com\\\/wp-includes\\\/images\\\/media\\\/audio.svg\",\"width\":48,\"height\":64}},{\"src\":\"http:\\\/\\\/www.coralherrero.com\\\/wp-content\\\/uploads\\\/2022\\\/10\\\/07-la-hamaca.mp3\",\"type\":\"audio\\\/mpeg\",\"title\":\"La hamaca\",\"caption\":\"\",\"description\":\"La hamaca\",\"meta\":{\"artist\":\"Coral Juan Ram\\u00f3n Herrero\",\"album\":\"Cantando en silencio\",\"length_formatted\":\"3:02\"},\"image\":{\"src\":\"http:\\\/\\\/www.coralherrero.com\\\/wp-includes\\\/images\\\/media\\\/audio.svg\",\"width\":48,\"height\":64},\"thumb\":{\"src\":\"http:\\\/\\\/www.coralherrero.com\\\/wp-includes\\\/images\\\/media\\\/audio.svg\",\"width\":48,\"height\":64}},{\"src\":\"http:\\\/\\\/www.coralherrero.com\\\/wp-content\\\/uploads\\\/2022\\\/10\\\/08-limportant-cest-la-rose.mp3\",\"type\":\"audio\\\/mpeg\",\"title\":\"L'important c'est la rose\",\"caption\":\"\",\"description\":\"L'important c'est la rose\",\"meta\":{\"artist\":\"Coral Juan Ram\\u00f3n Herrero\",\"album\":\"Cantando en silencio\",\"length_formatted\":\"5:18\"},\"image\":{\"src\":\"http:\\\/\\\/www.coralherrero.com\\\/wp-includes\\\/images\\\/media\\\/audio.svg\",\"width\":48,\"height\":64},\"thumb\":{\"src\":\"http:\\\/\\\/www.coralherrero.com\\\/wp-includes\\\/images\\\/media\\\/audio.svg\",\"width\":48,\"height\":64}},{\"src\":\"http:\\\/\\\/www.coralherrero.com\\\/wp-content\\\/uploads\\\/2022\\\/10\\\/09-dias-eternos.mp3\",\"type\":\"audio\\\/mpeg\",\"title\":\"Dias eternos\",\"caption\":\"\",\"description\":\"Coral Juan Ram\\u00f3n Herrero\",\"meta\":{\"artist\":\"Coral Juan Ram\\u00f3n Herrero\",\"album\":\"Cantando en silencio\",\"length_formatted\":\"4:44\"},\"image\":{\"src\":\"http:\\\/\\\/www.coralherrero.com\\\/wp-includes\\\/images\\\/media\\\/audio.svg\",\"width\":48,\"height\":64},\"thumb\":{\"src\":\"http:\\\/\\\/www.coralherrero.com\\\/wp-includes\\\/images\\\/media\\\/audio.svg\",\"width\":48,\"height\":64}},{\"src\":\"http:\\\/\\\/www.coralherrero.com\\\/wp-content\\\/uploads\\\/2022\\\/10\\\/10-caminito.mp3\",\"type\":\"audio\\\/mpeg\",\"title\":\"Caminito\",\"caption\":\"\",\"description\":\"Caminito\",\"meta\":{\"artist\":\"Coral Juan Ram\\u00f3n Herrero\",\"album\":\"Cantando en silencio\",\"length_formatted\":\"3:08\"},\"image\":{\"src\":\"http:\\\/\\\/www.coralherrero.com\\\/wp-includes\\\/images\\\/media\\\/audio.svg\",\"width\":48,\"height\":64},\"thumb\":{\"src\":\"http:\\\/\\\/www.coralherrero.com\\\/wp-includes\\\/images\\\/media\\\/audio.svg\",\"width\":48,\"height\":64}},{\"src\":\"http:\\\/\\\/www.coralherrero.com\\\/wp-content\\\/uploads\\\/2022\\\/10\\\/11-a-la-nanita.mp3\",\"type\":\"audio\\\/mpeg\",\"title\":\"A la nanita\",\"caption\":\"\",\"description\":\"A la nanita\",\"meta\":{\"artist\":\"Coral Juan Ram\\u00f3n Herrero\",\"album\":\"Cantando en silencio\",\"length_formatted\":\"1:59\"},\"image\":{\"src\":\"http:\\\/\\\/www.coralherrero.com\\\/wp-includes\\\/images\\\/media\\\/audio.svg\",\"width\":48,\"height\":64},\"thumb\":{\"src\":\"http:\\\/\\\/www.coralherrero.com\\\/wp-includes\\\/images\\\/media\\\/audio.svg\",\"width\":48,\"height\":64}},{\"src\":\"http:\\\/\\\/www.coralherrero.com\\\/wp-content\\\/uploads\\\/2022\\\/10\\\/12-traspas.mp3\",\"type\":\"audio\\\/mpeg\",\"title\":\"Trasp\\u00e0s\",\"caption\":\"\",\"description\":\"Trasp\\u00e0s\",\"meta\":{\"artist\":\"Coral Juan Ram\\u00f3n Herrero\",\"album\":\"Cantando en silencio\",\"length_formatted\":\"2:34\"},\"image\":{\"src\":\"http:\\\/\\\/www.coralherrero.com\\\/wp-includes\\\/images\\\/media\\\/audio.svg\",\"width\":48,\"height\":64},\"thumb\":{\"src\":\"http:\\\/\\\/www.coralherrero.com\\\/wp-includes\\\/images\\\/media\\\/audio.svg\",\"width\":48,\"height\":64}},{\"src\":\"http:\\\/\\\/www.coralherrero.com\\\/wp-content\\\/uploads\\\/2022\\\/10\\\/13-el-ultimo-cafe.mp3\",\"type\":\"audio\\\/mpeg\",\"title\":\"El \\u00faltimo caf\\u00e9\",\"caption\":\"\",\"description\":\"El \\u00faltimo caf\\u00e9\",\"meta\":{\"artist\":\"Coral Juan Ram\\u00f3n Herrero\",\"album\":\"Cantando en silencio\",\"length_formatted\":\"2:46\"},\"image\":{\"src\":\"http:\\\/\\\/www.coralherrero.com\\\/wp-includes\\\/images\\\/media\\\/audio.svg\",\"width\":48,\"height\":64},\"thumb\":{\"src\":\"http:\\\/\\\/www.coralherrero.com\\\/wp-includes\\\/images\\\/media\\\/audio.svg\",\"width\":48,\"height\":64}}]}<\/script>\n<\/div>\n\t\t\t\t\t\t\t<\/div>\n\t\t\t\t<\/div>\n\t\t\t\t\t<\/div>\n\t\t<\/div>\n\t\t\t\t\t\t\t<\/div>\n\t\t<\/section>\n\t\t\t\t\t\t\t<\/div>\n\t\t","protected":false},"excerpt":{"rendered":"<p>El t\u00edtulo de esta grabaci\u00f3n rinde homenaje a la labor callada pero firme de Ricardo Macho, quien con su batuta suave, rigurosa y plena de matices, impone armon\u00eda y orden en las veinticinco voces de la Coral Juan Ram\u00f3n Herrero, en una b\u00fasqueda constante de la calidad sin estridencias. Es una formaci\u00f3n joven compuesta por<\/p>\n","protected":false},"author":1,"featured_media":3390,"comment_status":"closed","ping_status":"open","sticky":false,"template":"","format":"standard","meta":{"footnotes":""},"categories":[30],"tags":[],"yoast_head":"<!-- This site is optimized with the Yoast SEO plugin v19.9 - https:\/\/yoast.com\/wordpress\/plugins\/seo\/ -->\n<title>Cantando en silencio - Coral Juan Ram\u00f3n Herrero<\/title>\n<meta name=\"robots\" content=\"index, follow, max-snippet:-1, max-image-preview:large, max-video-preview:-1\" \/>\n<link rel=\"canonical\" href=\"http:\/\/www.coralherrero.com\/?p=3389\" \/>\n<meta property=\"og:locale\" content=\"es_ES\" \/>\n<meta property=\"og:type\" content=\"article\" \/>\n<meta property=\"og:title\" content=\"Cantando en silencio - Coral Juan Ram\u00f3n Herrero\" \/>\n<meta property=\"og:description\" content=\"El t\u00edtulo de esta grabaci\u00f3n rinde homenaje a la labor callada pero firme de Ricardo Macho, quien con su batuta suave, rigurosa y plena de matices, impone armon\u00eda y orden en las veinticinco voces de la Coral Juan Ram\u00f3n Herrero, en una b\u00fasqueda constante de la calidad sin estridencias. Es una formaci\u00f3n joven compuesta por\" \/>\n<meta property=\"og:url\" content=\"http:\/\/www.coralherrero.com\/?p=3389\" \/>\n<meta property=\"og:site_name\" content=\"Coral Juan Ram\u00f3n Herrero\" \/>\n<meta property=\"article:publisher\" content=\"https:\/\/www.facebook.com\/CoralJuanRamonHerrero\" \/>\n<meta property=\"article:published_time\" content=\"2010-10-01T15:54:00+00:00\" \/>\n<meta property=\"article:modified_time\" content=\"2022-10-31T17:22:00+00:00\" \/>\n<meta property=\"og:image\" content=\"http:\/\/www.coralherrero.com\/wp-content\/uploads\/2022\/10\/disco-cantando-en-silencio.jpeg\" \/>\n\t<meta property=\"og:image:width\" content=\"395\" \/>\n\t<meta property=\"og:image:height\" content=\"393\" \/>\n\t<meta property=\"og:image:type\" content=\"image\/jpeg\" \/>\n<meta name=\"author\" content=\"Administrator\" \/>\n<meta name=\"twitter:card\" content=\"summary_large_image\" \/>\n<meta name=\"twitter:label1\" content=\"Escrito por\" \/>\n\t<meta name=\"twitter:data1\" content=\"Administrator\" \/>\n\t<meta name=\"twitter:label2\" content=\"Tiempo de lectura\" \/>\n\t<meta name=\"twitter:data2\" content=\"2 minutos\" \/>\n<script type=\"application\/ld+json\" class=\"yoast-schema-graph\">{\"@context\":\"https:\/\/schema.org\",\"@graph\":[{\"@type\":\"Article\",\"@id\":\"http:\/\/www.coralherrero.com\/?p=3389#article\",\"isPartOf\":{\"@id\":\"http:\/\/www.coralherrero.com\/?p=3389\"},\"author\":{\"name\":\"Administrator\",\"@id\":\"http:\/\/www.coralherrero.com\/#\/schema\/person\/199bb23196b57b98dac557735efc46d5\"},\"headline\":\"Cantando en silencio\",\"datePublished\":\"2010-10-01T15:54:00+00:00\",\"dateModified\":\"2022-10-31T17:22:00+00:00\",\"mainEntityOfPage\":{\"@id\":\"http:\/\/www.coralherrero.com\/?p=3389\"},\"wordCount\":306,\"publisher\":{\"@id\":\"http:\/\/www.coralherrero.com\/#organization\"},\"articleSection\":[\"Audios\"],\"inLanguage\":\"es\"},{\"@type\":\"WebPage\",\"@id\":\"http:\/\/www.coralherrero.com\/?p=3389\",\"url\":\"http:\/\/www.coralherrero.com\/?p=3389\",\"name\":\"Cantando en silencio - Coral Juan Ram\u00f3n Herrero\",\"isPartOf\":{\"@id\":\"http:\/\/www.coralherrero.com\/#website\"},\"datePublished\":\"2010-10-01T15:54:00+00:00\",\"dateModified\":\"2022-10-31T17:22:00+00:00\",\"breadcrumb\":{\"@id\":\"http:\/\/www.coralherrero.com\/?p=3389#breadcrumb\"},\"inLanguage\":\"es\",\"potentialAction\":[{\"@type\":\"ReadAction\",\"target\":[\"http:\/\/www.coralherrero.com\/?p=3389\"]}]},{\"@type\":\"BreadcrumbList\",\"@id\":\"http:\/\/www.coralherrero.com\/?p=3389#breadcrumb\",\"itemListElement\":[{\"@type\":\"ListItem\",\"position\":1,\"name\":\"Portada\",\"item\":\"http:\/\/www.coralherrero.com\/\"},{\"@type\":\"ListItem\",\"position\":2,\"name\":\"Cantando en silencio\"}]},{\"@type\":\"WebSite\",\"@id\":\"http:\/\/www.coralherrero.com\/#website\",\"url\":\"http:\/\/www.coralherrero.com\/\",\"name\":\"Coral Juan Ram\u00f3n Herrero\",\"description\":\"\",\"publisher\":{\"@id\":\"http:\/\/www.coralherrero.com\/#organization\"},\"potentialAction\":[{\"@type\":\"SearchAction\",\"target\":{\"@type\":\"EntryPoint\",\"urlTemplate\":\"http:\/\/www.coralherrero.com\/?s={search_term_string}\"},\"query-input\":\"required name=search_term_string\"}],\"inLanguage\":\"es\"},{\"@type\":\"Organization\",\"@id\":\"http:\/\/www.coralherrero.com\/#organization\",\"name\":\"Coral Juan Ram\u00f3n Herrero\",\"url\":\"http:\/\/www.coralherrero.com\/\",\"logo\":{\"@type\":\"ImageObject\",\"inLanguage\":\"es\",\"@id\":\"http:\/\/www.coralherrero.com\/#\/schema\/logo\/image\/\",\"url\":\"http:\/\/www.coralherrero.com\/wp-content\/uploads\/2022\/09\/logo200x2001.jpg\",\"contentUrl\":\"http:\/\/www.coralherrero.com\/wp-content\/uploads\/2022\/09\/logo200x2001.jpg\",\"width\":200,\"height\":200,\"caption\":\"Coral Juan Ram\u00f3n Herrero\"},\"image\":{\"@id\":\"http:\/\/www.coralherrero.com\/#\/schema\/logo\/image\/\"},\"sameAs\":[\"https:\/\/www.instagram.com\/coral.jrh\/\",\"https:\/\/www.facebook.com\/CoralJuanRamonHerrero\"]},{\"@type\":\"Person\",\"@id\":\"http:\/\/www.coralherrero.com\/#\/schema\/person\/199bb23196b57b98dac557735efc46d5\",\"name\":\"Administrator\",\"image\":{\"@type\":\"ImageObject\",\"inLanguage\":\"es\",\"@id\":\"http:\/\/www.coralherrero.com\/#\/schema\/person\/image\/\",\"url\":\"http:\/\/1.gravatar.com\/avatar\/a7d87b3874e6fa6c5ce0a8080cce4881?s=96&d=mm&r=g\",\"contentUrl\":\"http:\/\/1.gravatar.com\/avatar\/a7d87b3874e6fa6c5ce0a8080cce4881?s=96&d=mm&r=g\",\"caption\":\"Administrator\"},\"sameAs\":[\"http:\/\/www.coralherrero.com\"],\"url\":\"http:\/\/www.coralherrero.com\/?author=1\"}]}<\/script>\n<!-- \/ Yoast SEO plugin. -->","yoast_head_json":{"title":"Cantando en silencio - Coral Juan Ram\u00f3n Herrero","robots":{"index":"index","follow":"follow","max-snippet":"max-snippet:-1","max-image-preview":"max-image-preview:large","max-video-preview":"max-video-preview:-1"},"canonical":"http:\/\/www.coralherrero.com\/?p=3389","og_locale":"es_ES","og_type":"article","og_title":"Cantando en silencio - Coral Juan Ram\u00f3n Herrero","og_description":"El t\u00edtulo de esta grabaci\u00f3n rinde homenaje a la labor callada pero firme de Ricardo Macho, quien con su batuta suave, rigurosa y plena de matices, impone armon\u00eda y orden en las veinticinco voces de la Coral Juan Ram\u00f3n Herrero, en una b\u00fasqueda constante de la calidad sin estridencias. Es una formaci\u00f3n joven compuesta por","og_url":"http:\/\/www.coralherrero.com\/?p=3389","og_site_name":"Coral Juan Ram\u00f3n Herrero","article_publisher":"https:\/\/www.facebook.com\/CoralJuanRamonHerrero","article_published_time":"2010-10-01T15:54:00+00:00","article_modified_time":"2022-10-31T17:22:00+00:00","og_image":[{"width":395,"height":393,"url":"http:\/\/www.coralherrero.com\/wp-content\/uploads\/2022\/10\/disco-cantando-en-silencio.jpeg","type":"image\/jpeg"}],"author":"Administrator","twitter_card":"summary_large_image","twitter_misc":{"Escrito por":"Administrator","Tiempo de lectura":"2 minutos"},"schema":{"@context":"https:\/\/schema.org","@graph":[{"@type":"Article","@id":"http:\/\/www.coralherrero.com\/?p=3389#article","isPartOf":{"@id":"http:\/\/www.coralherrero.com\/?p=3389"},"author":{"name":"Administrator","@id":"http:\/\/www.coralherrero.com\/#\/schema\/person\/199bb23196b57b98dac557735efc46d5"},"headline":"Cantando en silencio","datePublished":"2010-10-01T15:54:00+00:00","dateModified":"2022-10-31T17:22:00+00:00","mainEntityOfPage":{"@id":"http:\/\/www.coralherrero.com\/?p=3389"},"wordCount":306,"publisher":{"@id":"http:\/\/www.coralherrero.com\/#organization"},"articleSection":["Audios"],"inLanguage":"es"},{"@type":"WebPage","@id":"http:\/\/www.coralherrero.com\/?p=3389","url":"http:\/\/www.coralherrero.com\/?p=3389","name":"Cantando en silencio - Coral Juan Ram\u00f3n Herrero","isPartOf":{"@id":"http:\/\/www.coralherrero.com\/#website"},"datePublished":"2010-10-01T15:54:00+00:00","dateModified":"2022-10-31T17:22:00+00:00","breadcrumb":{"@id":"http:\/\/www.coralherrero.com\/?p=3389#breadcrumb"},"inLanguage":"es","potentialAction":[{"@type":"ReadAction","target":["http:\/\/www.coralherrero.com\/?p=3389"]}]},{"@type":"BreadcrumbList","@id":"http:\/\/www.coralherrero.com\/?p=3389#breadcrumb","itemListElement":[{"@type":"ListItem","position":1,"name":"Portada","item":"http:\/\/www.coralherrero.com\/"},{"@type":"ListItem","position":2,"name":"Cantando en silencio"}]},{"@type":"WebSite","@id":"http:\/\/www.coralherrero.com\/#website","url":"http:\/\/www.coralherrero.com\/","name":"Coral Juan Ram\u00f3n Herrero","description":"","publisher":{"@id":"http:\/\/www.coralherrero.com\/#organization"},"potentialAction":[{"@type":"SearchAction","target":{"@type":"EntryPoint","urlTemplate":"http:\/\/www.coralherrero.com\/?s={search_term_string}"},"query-input":"required name=search_term_string"}],"inLanguage":"es"},{"@type":"Organization","@id":"http:\/\/www.coralherrero.com\/#organization","name":"Coral Juan Ram\u00f3n Herrero","url":"http:\/\/www.coralherrero.com\/","logo":{"@type":"ImageObject","inLanguage":"es","@id":"http:\/\/www.coralherrero.com\/#\/schema\/logo\/image\/","url":"http:\/\/www.coralherrero.com\/wp-content\/uploads\/2022\/09\/logo200x2001.jpg","contentUrl":"http:\/\/www.coralherrero.com\/wp-content\/uploads\/2022\/09\/logo200x2001.jpg","width":200,"height":200,"caption":"Coral Juan Ram\u00f3n Herrero"},"image":{"@id":"http:\/\/www.coralherrero.com\/#\/schema\/logo\/image\/"},"sameAs":["https:\/\/www.instagram.com\/coral.jrh\/","https:\/\/www.facebook.com\/CoralJuanRamonHerrero"]},{"@type":"Person","@id":"http:\/\/www.coralherrero.com\/#\/schema\/person\/199bb23196b57b98dac557735efc46d5","name":"Administrator","image":{"@type":"ImageObject","inLanguage":"es","@id":"http:\/\/www.coralherrero.com\/#\/schema\/person\/image\/","url":"http:\/\/1.gravatar.com\/avatar\/a7d87b3874e6fa6c5ce0a8080cce4881?s=96&d=mm&r=g","contentUrl":"http:\/\/1.gravatar.com\/avatar\/a7d87b3874e6fa6c5ce0a8080cce4881?s=96&d=mm&r=g","caption":"Administrator"},"sameAs":["http:\/\/www.coralherrero.com"],"url":"http:\/\/www.coralherrero.com\/?author=1"}]}},"_links":{"self":[{"href":"http:\/\/www.coralherrero.com\/index.php?rest_route=\/wp\/v2\/posts\/3389"}],"collection":[{"href":"http:\/\/www.coralherrero.com\/index.php?rest_route=\/wp\/v2\/posts"}],"about":[{"href":"http:\/\/www.coralherrero.com\/index.php?rest_route=\/wp\/v2\/types\/post"}],"author":[{"embeddable":true,"href":"http:\/\/www.coralherrero.com\/index.php?rest_route=\/wp\/v2\/users\/1"}],"replies":[{"embeddable":true,"href":"http:\/\/www.coralherrero.com\/index.php?rest_route=%2Fwp%2Fv2%2Fcomments&post=3389"}],"version-history":[{"count":22,"href":"http:\/\/www.coralherrero.com\/index.php?rest_route=\/wp\/v2\/posts\/3389\/revisions"}],"predecessor-version":[{"id":3472,"href":"http:\/\/www.coralherrero.com\/index.php?rest_route=\/wp\/v2\/posts\/3389\/revisions\/3472"}],"wp:featuredmedia":[{"embeddable":true,"href":"http:\/\/www.coralherrero.com\/index.php?rest_route=\/wp\/v2\/media\/3390"}],"wp:attachment":[{"href":"http:\/\/www.coralherrero.com\/index.php?rest_route=%2Fwp%2Fv2%2Fmedia&parent=3389"}],"wp:term":[{"taxonomy":"category","embeddable":true,"href":"http:\/\/www.coralherrero.com\/index.php?rest_route=%2Fwp%2Fv2%2Fcategories&post=3389"},{"taxonomy":"post_tag","embeddable":true,"href":"http:\/\/www.coralherrero.com\/index.php?rest_route=%2Fwp%2Fv2%2Ftags&post=3389"}],"curies":[{"name":"wp","href":"https:\/\/api.w.org\/{rel}","templated":true}]}}